{"id":661,"date":"2024-12-05T14:57:59","date_gmt":"2024-12-05T17:57:59","guid":{"rendered":"https:\/\/ablab.com.br\/blog\/?p=661"},"modified":"2024-12-05T14:58:01","modified_gmt":"2024-12-05T17:58:01","slug":"monitoramento-de-redes-sociais-da-marca","status":"publish","type":"post","link":"https:\/\/ablab.com.br\/blog\/monitoramento-de-redes-sociais-da-marca\/","title":{"rendered":"Monitoramento de redes sociais da marca: o que voc\u00ea N\u00c3O pode deixar de acompanhar?"},"content":{"rendered":"\n<p>O <strong>monitoramento de redes sociais da marca <\/strong>\u00e9 uma pr\u00e1tica essencial para garantir o sucesso da estrat\u00e9gia de marketing digital, de qualquer tipo de neg\u00f3cio.<\/p>\n\n\n\n<p>Porque, sim, as redes sociais desempenham um papel crucial na constru\u00e7\u00e3o e manuten\u00e7\u00e3o da imagem de uma marca, oferecendo oportunidades \u00fanicas para as empresas se conectarem com seu p\u00fablico-alvo.&nbsp;<\/p>\n\n\n\n<p>No entanto, sem monitoramento, a empresa <strong>perde insights valiosos<\/strong> sobre tend\u00eancias de mercado e comportamento do consumidor, al\u00e9m de aumentar a<strong> dificuldade de avaliar o desempenho e o impacto<\/strong> das estrat\u00e9gias de marketing digital.<\/p>\n\n\n\n<p>Esses s\u00e3o apenas alguns exemplos dos problemas que surgem quando voc\u00ea n\u00e3o faz o monitoramento de redes sociais da marca.&nbsp;<\/p>\n\n\n\n<h2 class=\"wp-block-heading\">Por que monitorar redes sociais da marca? 10 riscos de n\u00e3o acompanhar os canais<\/h2>\n\n\n\n<p>N\u00e3o realizar o monitoramento de redes sociais pode levar a diversos problemas significativos para uma empresa ou marca, listamos os principais, a seguir.<\/p>\n\n\n\n<ol class=\"wp-block-list\">\n<li><strong>Perda de controle da reputa\u00e7\u00e3o online<\/strong>: sem monitoramento, a empresa n\u00e3o consegue detectar rapidamente <strong>men\u00e7\u00f5es negativas ou potenciais crises<\/strong>, permitindo que problemas se agravem antes de serem abordados.<\/li>\n\n\n\n<li><strong>Oportunidades perdidas de engajamento<\/strong>: a falta de monitoramento impede que a empresa responda prontamente a<strong> coment\u00e1rios, d\u00favidas e intera\u00e7\u00f5es<\/strong> dos usu\u00e1rios, perdendo chances de criar <a href=\"https:\/\/ablab.com.br\/blog\/aprenda-o-que-e-regua-de-relacionamento-e-como-fazer\/\" target=\"_blank\" rel=\"noreferrer noopener\">relacionamentos<\/a> mais fortes com o p\u00fablico.<\/li>\n\n\n\n<li><strong>Incapacidade de identificar tend\u00eancias<\/strong>: sem acompanhar as conversas nas redes sociais, a empresa<strong> perde insights valiosos<\/strong> sobre tend\u00eancias de mercado e comportamento do consumidor.<\/li>\n\n\n\n<li><strong>Dificuldade em medir o sucesso das campanhas<\/strong>: a aus\u00eancia de monitoramento dificulta avaliar o desempenho e o impacto das <a href=\"https:\/\/ablab.com.br\/blog\/como-melhorar-o-marketing-digital-da-empresa-7-acoes-praticas\/\" target=\"_blank\" rel=\"noreferrer noopener\">estrat\u00e9gias de marketing digital<\/a>.<\/li>\n\n\n\n<li><strong>Falta de dados para tomada de decis\u00f5es<\/strong>: sem informa\u00e7\u00f5es sobre o engajamento e as prefer\u00eancias do p\u00fablico, a empresa fica <strong>sem base para ajustar suas estrat\u00e9gias <\/strong>de comunica\u00e7\u00e3o e marketing.<\/li>\n\n\n\n<li><strong>Vulnerabilidade a crises<\/strong>: a empresa fica despreparada para lidar com situa\u00e7\u00f5es adversas nas redes sociais, podendo resultar em danos significativos \u00e0 sua imagem.<\/li>\n\n\n\n<li><strong>Perda de vantagem competitiva<\/strong>: sem <strong>monitorar a concorr\u00eancia<\/strong>, a organiza\u00e7\u00e3o perde a oportunidade de aprender com as estrat\u00e9gias bem-sucedidas dos concorrentes e identificar oportunidades de mercado.<\/li>\n\n\n\n<li><strong>Inefici\u00eancia nas atividades de marketing<\/strong>: na falta de dados concretos, a empresa pode <strong>desperdi\u00e7ar tempo e recursos<\/strong> em atividades que n\u00e3o geram resultados efetivos.<\/li>\n\n\n\n<li><strong>Falha na identifica\u00e7\u00e3o de influenciadores<\/strong>: a companhia perde a chance de <strong>identificar e engajar <\/strong>perfis influentes que poderiam amplificar o alcance da sua mensagem.<\/li>\n\n\n\n<li><strong>Dificuldade em entender a jornada do cliente<\/strong>: sem monitoramento, \u00e9 dif\u00edcil acompanhar e compreender as intera\u00e7\u00f5es do cliente com a marca ao longo do tempo<\/li>\n<\/ol>\n\n\n\n<p>Com essa lista de riscos associados \u00e0 falta de monitoramento de redes sociais, fica clara a necessidade <strong>urgente<\/strong> de come\u00e7ar a fazer este trabalho de forma profissional.&nbsp;<\/p>\n\n\n\n<p>E, antes de seguirmos, \u00e9 vital compreender que o<strong> monitoramento de redes sociais vai muito al\u00e9m de simplesmente contar likes<\/strong>.<\/p>\n\n\n\n<p>Na pr\u00e1tica, \u00e9 um processo estrat\u00e9gico que envolve<strong> acompanhar, analisar e responder a todas as men\u00e7\u00f5es e intera\u00e7\u00f5es <\/strong>relacionadas \u00e0 sua marca nas plataformas sociais, bem como acompanhar dados que informam sobre a efic\u00e1cia das publica\u00e7\u00f5es, dos an\u00fancios, das campanhas e de tudo o que voc\u00ea faz dentro desses canais.&nbsp;<\/p>\n\n\n\n<p><strong>Leia tamb\u00e9m:<\/strong> <a href=\"https:\/\/ablab.com.br\/blog\/agencia-de-google-ads-vale-a-pena-como-encontrar\/\" target=\"_blank\" rel=\"noreferrer noopener\">Ag\u00eancia de Google Ads<\/a>: vale a pena + como encontrar?<\/p>\n\n\n\n<h2 class=\"wp-block-heading\">O que observar no monitoramento de redes sociais da marca? 8 elementos essenciais<\/h2>\n\n\n\n<p>Para te ajudar a compreender alguns dos elementos que voc\u00ea deve acompanhar ao fazer monitoramento de redes sociais, organizamos uma lista, a seguir. Confira!<\/p>\n\n\n\n<h3 class=\"wp-block-heading\">#1 Nome da marca e varia\u00e7\u00f5es<\/h3>\n\n\n\n<ul class=\"wp-block-list\">\n<li>O nome oficial da sua empresa<\/li>\n\n\n\n<li>Varia\u00e7\u00f5es comuns e poss\u00edveis erros ortogr\u00e1ficos do nome da marca<\/li>\n\n\n\n<li>Nomes dos principais produtos e servi\u00e7os oferecidos<\/li>\n<\/ul>\n\n\n\n<h3 class=\"wp-block-heading\">#2 Palavras-chave e hashtags<\/h3>\n\n\n\n<ul class=\"wp-block-list\">\n<li>Termos relacionados ao seu nicho de mercado<\/li>\n\n\n\n<li>Hashtags espec\u00edficas da sua marca ou campanhas<\/li>\n\n\n\n<li><a href=\"https:\/\/ablab.com.br\/blog\/tipos-de-palavra-chave-do-google-ads-e-quando-usar-cada-um\/\" target=\"_blank\" rel=\"noreferrer noopener\">Palavras-chave<\/a> relevantes para seus produtos ou servi\u00e7os<\/li>\n<\/ul>\n\n\n\n<h3 class=\"wp-block-heading\">#3 Men\u00e7\u00f5es e intera\u00e7\u00f5es<\/h3>\n\n\n\n<ul class=\"wp-block-list\">\n<li>Cita\u00e7\u00f5es diretas da sua marca nas diferentes plataformas<\/li>\n\n\n\n<li>Coment\u00e1rios em posts da sua p\u00e1gina<\/li>\n\n\n\n<li>Mensagens diretas e inbox (direct)<\/li>\n<\/ul>\n\n\n\n<h3 class=\"wp-block-heading\">#4 Concorr\u00eancia<\/h3>\n\n\n\n<ul class=\"wp-block-list\">\n<li>Men\u00e7\u00f5es aos principais concorrentes<\/li>\n\n\n\n<li>Compara\u00e7\u00f5es entre sua marca e a concorr\u00eancia<\/li>\n<\/ul>\n\n\n\n<h3 class=\"wp-block-heading\">#5 Influenciadores e defensores da marca<\/h3>\n\n\n\n<ul class=\"wp-block-list\">\n<li>Perfis que frequentemente interagem com sua marca<\/li>\n\n\n\n<li>Pessoas influentes no seu segmento de mercado<\/li>\n<\/ul>\n\n\n\n<h3 class=\"wp-block-heading\">#6 Sentimento<\/h3>\n\n\n\n<ul class=\"wp-block-list\">\n<li>Tom geral das men\u00e7\u00f5es (positivo, negativo ou neutro)<\/li>\n\n\n\n<li>Mudan\u00e7as repentinas no sentimento em rela\u00e7\u00e3o \u00e0 marca<\/li>\n<\/ul>\n\n\n\n<h3 class=\"wp-block-heading\">#7 Engajamento<\/h3>\n\n\n\n<ul class=\"wp-block-list\">\n<li>M\u00e9tricas de intera\u00e7\u00e3o como curtidas, compartilhamentos e coment\u00e1rios<\/li>\n\n\n\n<li>Taxa de crescimento de seguidores por canal<\/li>\n<\/ul>\n\n\n\n<h3 class=\"wp-block-heading\">#8 M\u00e9tricas-chave&nbsp;<\/h3>\n\n\n\n<ul class=\"wp-block-list\">\n<li><strong>Volume de men\u00e7\u00f5es<\/strong>: quantas vezes sua marca foi mencionada no per\u00edodo analisado.<\/li>\n\n\n\n<li><strong>Alcance<\/strong>: o n\u00famero potencial de pessoas que viram seus <a href=\"https:\/\/ablab.com.br\/blog\/como-fazer-marketing-de-conteudo-passo-a-passo-completo\/\" target=\"_blank\" rel=\"noreferrer noopener\">conte\u00fados<\/a>.<\/li>\n\n\n\n<li><strong>Engajamento<\/strong>: volume quantitativo de likes, coment\u00e1rios, compartilhamentos e cliques.<\/li>\n\n\n\n<li><strong>Crescimento de seguidores<\/strong>: o aumento no n\u00famero de seguidores em cada plataforma.<\/li>\n\n\n\n<li><strong>Convers\u00f5es<\/strong>: N\u00famero de pessoas que completaram uma a\u00e7\u00e3o desejada ap\u00f3s interagir com seu conte\u00fado, como compras, cadastros ou downloads<\/li>\n\n\n\n<li><strong>Gera\u00e7\u00e3o de leads<\/strong>: n\u00famero de pessoas que forneceram informa\u00e7\u00f5es de contato (e-mail, telefone), por meio de formul\u00e1rios online.<\/li>\n\n\n\n<li><strong>Cliques em links<\/strong>: percentual de pessoas que clicaram em links da empresa, rela\u00e7\u00e3o ao total que viu o link; e mais.<\/li>\n<\/ul>\n\n\n\n<p><strong>Leia tamb\u00e9m: <\/strong>As 9 principais <a href=\"https:\/\/ablab.com.br\/blog\/as-9-principais-metricas-da-facebook-ads-e-como-usa-las\/\" target=\"_blank\" rel=\"noreferrer noopener\">m\u00e9tricas da Facebook Ads<\/a> e como us\u00e1-las<\/p>\n\n\n\n<p>Ao monitorar esses elementos, voc\u00ea poder\u00e1:<\/p>\n\n\n\n<ul class=\"wp-block-list\">\n<li>obter insights valiosos sobre a percep\u00e7\u00e3o da sua marca;<\/li>\n\n\n\n<li>identificar oportunidades de engajamento;<\/li>\n\n\n\n<li>detectar potenciais crises precocemente.<\/li>\n<\/ul>\n\n\n\n<p>Tudo isso te ajuda a agir com mais velocidade, seja no aproveitamento das oportunidades ou no controle das amea\u00e7as, que podem impactar a companhia e seus objetivos.<\/p>\n\n\n\n<p><strong>Leia tamb\u00e9m<\/strong>: Intelig\u00eancia de dados: voc\u00ea N\u00c3O pode mais ignorar esse tema!<\/p>\n\n\n\n<p>Fazer o acompanhamento de todos esses dados e informa\u00e7\u00f5es, exige o suporte de <strong>ferramentas para monitorar redes sociais da marca<\/strong>, capaz de proteger sua reputa\u00e7\u00e3o online, obter insights valiosos para impulsionar seu crescimento e sucesso, e<strong> economizar tempo e dinheiro <\/strong>na busca por resultados efetivos dentro dos canais online.<\/p>\n\n\n\n<p><em>Afinal, voc\u00ea j\u00e1 viu o n\u00famero de marcas que est\u00e3o presentes nessas m\u00eddias? <\/em>Eu apostaria que <strong>todos os seus concorrentes<\/strong> est\u00e3o no<strong> Instagram, no TikTok, no \u201cX\u201d, no LinkedIn<\/strong>, e nas demais redes sociais importantes para o seu nicho.&nbsp;<\/p>\n\n\n\n<p>Logo, se destacar neste universo, exige mais que publica\u00e7\u00f5es comerciais di\u00e1rias, exige estrat\u00e9gia, que <strong>s\u00f3 pode ser constru\u00edda com informa\u00e7\u00f5es embasadas em dados<\/strong>.&nbsp;<\/p>\n\n\n\n<p>Na <a href=\"https:\/\/ablab.com.br\/\" target=\"_blank\" rel=\"noreferrer noopener\">Ablab<\/a> voc\u00ea encontra suporte para<strong> todas as etapas da gest\u00e3o de redes sociais<\/strong> da sua empresa, incluindo:<\/p>\n\n\n\n<ul class=\"wp-block-list\">\n<li>constru\u00e7\u00e3o de marca;<\/li>\n\n\n\n<li>estrat\u00e9gia de canais e influenciadores;<\/li>\n\n\n\n<li>cria\u00e7\u00e3o de conte\u00fado;<\/li>\n\n\n\n<li>relat\u00f3rios e monitoramento.\u00a0<\/li>\n<\/ul>\n\n\n\n<p>Todas as etapas do trabalho s\u00e3o executadas por <strong>especialistas<\/strong>, que contam com as melhores <strong>ferramentas <\/strong>para monitorar redes sociais da marca do mercado, gerando insights e estrat\u00e9gias prontas para alavancar seus resultados.&nbsp;<\/p>\n\n\n\n<p>J\u00e1 imaginou contar com essa estrutura para alcan\u00e7ar os objetivos estrat\u00e9gicos da sua companhia? <a href=\"https:\/\/ablab.com.br\/\" target=\"_blank\" rel=\"noreferrer noopener\">Entre em contato com a nossa equipe e entenda tudo o que podemos fazer por voc\u00ea<\/a>.\u00a0<\/p>\n","protected":false},"excerpt":{"rendered":"<p>O que voc\u00ea n\u00e3o pode deixar de medir? 8 \u00e1reas imprescind\u00edveis para o monitoramento de redes sociais da marca e, porque esta etapa \u00e9 obrigat\u00f3ria!<\/p>\n","protected":false},"author":3,"featured_media":662,"comment_status":"closed","ping_status":"closed","sticky":false,"template":"","format":"standard","meta":{"_sb_is_suggestion_mode":false,"_sb_show_suggestion_boards":false,"_sb_show_comment_boards":false,"_sb_suggestion_history":"","_sb_update_block_changes":"","footnotes":""},"categories":[31],"tags":[],"class_list":["post-661","post","type-post","status-publish","format-standard","has-post-thumbnail","hentry","category-social-media"],"yoast_head":"<!-- This site is optimized with the Yoast SEO plugin v22.8 - https:\/\/yoast.com\/wordpress\/plugins\/seo\/ -->\n<title>Monitoramento de redes sociais da marca: 8 \u00e1reas essenciais<\/title>\n<meta name=\"description\" content=\"O que voc\u00ea n\u00e3o pode deixar de medir? 8 \u00e1reas imprescind\u00edveis para o monitoramento de redes sociais da marca e, porque esta etapa \u00e9 obrigat\u00f3ria!\" \/>\n<meta name=\"robots\" content=\"index, follow, max-snippet:-1, max-image-preview:large, max-video-preview:-1\" \/>\n<link rel=\"canonical\" href=\"https:\/\/ablab.com.br\/blog\/monitoramento-de-redes-sociais-da-marca\/\" \/>\n<meta property=\"og:locale\" content=\"pt_BR\" \/>\n<meta property=\"og:type\" content=\"article\" \/>\n<meta property=\"og:title\" content=\"Monitoramento de redes sociais da marca: 8 \u00e1reas essenciais\" \/>\n<meta property=\"og:description\" content=\"O que voc\u00ea n\u00e3o pode deixar de medir? 8 \u00e1reas imprescind\u00edveis para o monitoramento de redes sociais da marca e, porque esta etapa \u00e9 obrigat\u00f3ria!\" \/>\n<meta property=\"og:url\" content=\"https:\/\/ablab.com.br\/blog\/monitoramento-de-redes-sociais-da-marca\/\" \/>\n<meta property=\"og:site_name\" content=\"a\/b lab\" \/>\n<meta property=\"article:published_time\" content=\"2024-12-05T17:57:59+00:00\" \/>\n<meta property=\"article:modified_time\" content=\"2024-12-05T17:58:01+00:00\" \/>\n<meta property=\"og:image\" content=\"https:\/\/ablab.com.br\/blog\/wp-content\/uploads\/Monitoramento-de-redes-sociais-da-marca.jpg\" \/>\n\t<meta property=\"og:image:width\" content=\"1000\" \/>\n\t<meta property=\"og:image:height\" content=\"667\" \/>\n\t<meta property=\"og:image:type\" content=\"image\/jpeg\" \/>\n<meta name=\"author\" content=\"Amanda Britto\" \/>\n<meta name=\"twitter:card\" content=\"summary_large_image\" \/>\n<meta name=\"twitter:label1\" content=\"Escrito por\" \/>\n\t<meta name=\"twitter:data1\" content=\"Amanda Britto\" \/>\n\t<meta name=\"twitter:label2\" content=\"Est. tempo de leitura\" \/>\n\t<meta name=\"twitter:data2\" content=\"7 minutos\" \/>\n<script type=\"application\/ld+json\" class=\"yoast-schema-graph\">{\"@context\":\"https:\/\/schema.org\",\"@graph\":[{\"@type\":\"Article\",\"@id\":\"https:\/\/ablab.com.br\/blog\/monitoramento-de-redes-sociais-da-marca\/#article\",\"isPartOf\":{\"@id\":\"https:\/\/ablab.com.br\/blog\/monitoramento-de-redes-sociais-da-marca\/\"},\"author\":{\"name\":\"Amanda Britto\",\"@id\":\"https:\/\/ablab.com.br\/blog\/#\/schema\/person\/4f548a848297aed3b027340e61ccadbe\"},\"headline\":\"Monitoramento de redes sociais da marca: o que voc\u00ea N\u00c3O pode deixar de acompanhar?\",\"datePublished\":\"2024-12-05T17:57:59+00:00\",\"dateModified\":\"2024-12-05T17:58:01+00:00\",\"mainEntityOfPage\":{\"@id\":\"https:\/\/ablab.com.br\/blog\/monitoramento-de-redes-sociais-da-marca\/\"},\"wordCount\":1199,\"publisher\":{\"@id\":\"https:\/\/ablab.com.br\/blog\/#organization\"},\"image\":{\"@id\":\"https:\/\/ablab.com.br\/blog\/monitoramento-de-redes-sociais-da-marca\/#primaryimage\"},\"thumbnailUrl\":\"https:\/\/ablab.com.br\/blog\/wp-content\/uploads\/Monitoramento-de-redes-sociais-da-marca.jpg\",\"articleSection\":[\"Social Media\"],\"inLanguage\":\"pt-BR\"},{\"@type\":\"WebPage\",\"@id\":\"https:\/\/ablab.com.br\/blog\/monitoramento-de-redes-sociais-da-marca\/\",\"url\":\"https:\/\/ablab.com.br\/blog\/monitoramento-de-redes-sociais-da-marca\/\",\"name\":\"Monitoramento de redes sociais da marca: 8 \u00e1reas essenciais\",\"isPartOf\":{\"@id\":\"https:\/\/ablab.com.br\/blog\/#website\"},\"primaryImageOfPage\":{\"@id\":\"https:\/\/ablab.com.br\/blog\/monitoramento-de-redes-sociais-da-marca\/#primaryimage\"},\"image\":{\"@id\":\"https:\/\/ablab.com.br\/blog\/monitoramento-de-redes-sociais-da-marca\/#primaryimage\"},\"thumbnailUrl\":\"https:\/\/ablab.com.br\/blog\/wp-content\/uploads\/Monitoramento-de-redes-sociais-da-marca.jpg\",\"datePublished\":\"2024-12-05T17:57:59+00:00\",\"dateModified\":\"2024-12-05T17:58:01+00:00\",\"description\":\"O que voc\u00ea n\u00e3o pode deixar de medir? 8 \u00e1reas imprescind\u00edveis para o monitoramento de redes sociais da marca e, porque esta etapa \u00e9 obrigat\u00f3ria!\",\"breadcrumb\":{\"@id\":\"https:\/\/ablab.com.br\/blog\/monitoramento-de-redes-sociais-da-marca\/#breadcrumb\"},\"inLanguage\":\"pt-BR\",\"potentialAction\":[{\"@type\":\"ReadAction\",\"target\":[\"https:\/\/ablab.com.br\/blog\/monitoramento-de-redes-sociais-da-marca\/\"]}]},{\"@type\":\"ImageObject\",\"inLanguage\":\"pt-BR\",\"@id\":\"https:\/\/ablab.com.br\/blog\/monitoramento-de-redes-sociais-da-marca\/#primaryimage\",\"url\":\"https:\/\/ablab.com.br\/blog\/wp-content\/uploads\/Monitoramento-de-redes-sociais-da-marca.jpg\",\"contentUrl\":\"https:\/\/ablab.com.br\/blog\/wp-content\/uploads\/Monitoramento-de-redes-sociais-da-marca.jpg\",\"width\":1000,\"height\":667,\"caption\":\"Monitoramento de redes sociais da marca\"},{\"@type\":\"BreadcrumbList\",\"@id\":\"https:\/\/ablab.com.br\/blog\/monitoramento-de-redes-sociais-da-marca\/#breadcrumb\",\"itemListElement\":[{\"@type\":\"ListItem\",\"position\":1,\"name\":\"In\u00edcio\",\"item\":\"https:\/\/ablab.com.br\/blog\/\"},{\"@type\":\"ListItem\",\"position\":2,\"name\":\"Monitoramento de redes sociais da marca: o que voc\u00ea N\u00c3O pode deixar de acompanhar?\"}]},{\"@type\":\"WebSite\",\"@id\":\"https:\/\/ablab.com.br\/blog\/#website\",\"url\":\"https:\/\/ablab.com.br\/blog\/\",\"name\":\"a\/b lab\",\"description\":\"a\/b lab \u2022 business driven \u2022 tech based \u2022 creative believers\",\"publisher\":{\"@id\":\"https:\/\/ablab.com.br\/blog\/#organization\"},\"potentialAction\":[{\"@type\":\"SearchAction\",\"target\":{\"@type\":\"EntryPoint\",\"urlTemplate\":\"https:\/\/ablab.com.br\/blog\/?s={search_term_string}\"},\"query-input\":\"required name=search_term_string\"}],\"inLanguage\":\"pt-BR\"},{\"@type\":\"Organization\",\"@id\":\"https:\/\/ablab.com.br\/blog\/#organization\",\"name\":\"a\/b lab\",\"alternateName\":\"ab lab\",\"url\":\"https:\/\/ablab.com.br\/blog\/\",\"logo\":{\"@type\":\"ImageObject\",\"inLanguage\":\"pt-BR\",\"@id\":\"https:\/\/ablab.com.br\/blog\/#\/schema\/logo\/image\/\",\"url\":\"https:\/\/ablab.com.br\/blog\/wp-content\/uploads\/avatar1_zap.png\",\"contentUrl\":\"https:\/\/ablab.com.br\/blog\/wp-content\/uploads\/avatar1_zap.png\",\"width\":240,\"height\":240,\"caption\":\"a\/b lab\"},\"image\":{\"@id\":\"https:\/\/ablab.com.br\/blog\/#\/schema\/logo\/image\/\"}},{\"@type\":\"Person\",\"@id\":\"https:\/\/ablab.com.br\/blog\/#\/schema\/person\/4f548a848297aed3b027340e61ccadbe\",\"name\":\"Amanda Britto\",\"url\":\"https:\/\/ablab.com.br\/blog\/author\/amanda\/\"}]}<\/script>\n<!-- \/ Yoast SEO plugin. -->","yoast_head_json":{"title":"Monitoramento de redes sociais da marca: 8 \u00e1reas essenciais","description":"O que voc\u00ea n\u00e3o pode deixar de medir? 8 \u00e1reas imprescind\u00edveis para o monitoramento de redes sociais da marca e, porque esta etapa \u00e9 obrigat\u00f3ria!","robots":{"index":"index","follow":"follow","max-snippet":"max-snippet:-1","max-image-preview":"max-image-preview:large","max-video-preview":"max-video-preview:-1"},"canonical":"https:\/\/ablab.com.br\/blog\/monitoramento-de-redes-sociais-da-marca\/","og_locale":"pt_BR","og_type":"article","og_title":"Monitoramento de redes sociais da marca: 8 \u00e1reas essenciais","og_description":"O que voc\u00ea n\u00e3o pode deixar de medir? 8 \u00e1reas imprescind\u00edveis para o monitoramento de redes sociais da marca e, porque esta etapa \u00e9 obrigat\u00f3ria!","og_url":"https:\/\/ablab.com.br\/blog\/monitoramento-de-redes-sociais-da-marca\/","og_site_name":"a\/b lab","article_published_time":"2024-12-05T17:57:59+00:00","article_modified_time":"2024-12-05T17:58:01+00:00","og_image":[{"width":1000,"height":667,"url":"https:\/\/ablab.com.br\/blog\/wp-content\/uploads\/Monitoramento-de-redes-sociais-da-marca.jpg","type":"image\/jpeg"}],"author":"Amanda Britto","twitter_card":"summary_large_image","twitter_misc":{"Escrito por":"Amanda Britto","Est. tempo de leitura":"7 minutos"},"schema":{"@context":"https:\/\/schema.org","@graph":[{"@type":"Article","@id":"https:\/\/ablab.com.br\/blog\/monitoramento-de-redes-sociais-da-marca\/#article","isPartOf":{"@id":"https:\/\/ablab.com.br\/blog\/monitoramento-de-redes-sociais-da-marca\/"},"author":{"name":"Amanda Britto","@id":"https:\/\/ablab.com.br\/blog\/#\/schema\/person\/4f548a848297aed3b027340e61ccadbe"},"headline":"Monitoramento de redes sociais da marca: o que voc\u00ea N\u00c3O pode deixar de acompanhar?","datePublished":"2024-12-05T17:57:59+00:00","dateModified":"2024-12-05T17:58:01+00:00","mainEntityOfPage":{"@id":"https:\/\/ablab.com.br\/blog\/monitoramento-de-redes-sociais-da-marca\/"},"wordCount":1199,"publisher":{"@id":"https:\/\/ablab.com.br\/blog\/#organization"},"image":{"@id":"https:\/\/ablab.com.br\/blog\/monitoramento-de-redes-sociais-da-marca\/#primaryimage"},"thumbnailUrl":"https:\/\/ablab.com.br\/blog\/wp-content\/uploads\/Monitoramento-de-redes-sociais-da-marca.jpg","articleSection":["Social Media"],"inLanguage":"pt-BR"},{"@type":"WebPage","@id":"https:\/\/ablab.com.br\/blog\/monitoramento-de-redes-sociais-da-marca\/","url":"https:\/\/ablab.com.br\/blog\/monitoramento-de-redes-sociais-da-marca\/","name":"Monitoramento de redes sociais da marca: 8 \u00e1reas essenciais","isPartOf":{"@id":"https:\/\/ablab.com.br\/blog\/#website"},"primaryImageOfPage":{"@id":"https:\/\/ablab.com.br\/blog\/monitoramento-de-redes-sociais-da-marca\/#primaryimage"},"image":{"@id":"https:\/\/ablab.com.br\/blog\/monitoramento-de-redes-sociais-da-marca\/#primaryimage"},"thumbnailUrl":"https:\/\/ablab.com.br\/blog\/wp-content\/uploads\/Monitoramento-de-redes-sociais-da-marca.jpg","datePublished":"2024-12-05T17:57:59+00:00","dateModified":"2024-12-05T17:58:01+00:00","description":"O que voc\u00ea n\u00e3o pode deixar de medir? 8 \u00e1reas imprescind\u00edveis para o monitoramento de redes sociais da marca e, porque esta etapa \u00e9 obrigat\u00f3ria!","breadcrumb":{"@id":"https:\/\/ablab.com.br\/blog\/monitoramento-de-redes-sociais-da-marca\/#breadcrumb"},"inLanguage":"pt-BR","potentialAction":[{"@type":"ReadAction","target":["https:\/\/ablab.com.br\/blog\/monitoramento-de-redes-sociais-da-marca\/"]}]},{"@type":"ImageObject","inLanguage":"pt-BR","@id":"https:\/\/ablab.com.br\/blog\/monitoramento-de-redes-sociais-da-marca\/#primaryimage","url":"https:\/\/ablab.com.br\/blog\/wp-content\/uploads\/Monitoramento-de-redes-sociais-da-marca.jpg","contentUrl":"https:\/\/ablab.com.br\/blog\/wp-content\/uploads\/Monitoramento-de-redes-sociais-da-marca.jpg","width":1000,"height":667,"caption":"Monitoramento de redes sociais da marca"},{"@type":"BreadcrumbList","@id":"https:\/\/ablab.com.br\/blog\/monitoramento-de-redes-sociais-da-marca\/#breadcrumb","itemListElement":[{"@type":"ListItem","position":1,"name":"In\u00edcio","item":"https:\/\/ablab.com.br\/blog\/"},{"@type":"ListItem","position":2,"name":"Monitoramento de redes sociais da marca: o que voc\u00ea N\u00c3O pode deixar de acompanhar?"}]},{"@type":"WebSite","@id":"https:\/\/ablab.com.br\/blog\/#website","url":"https:\/\/ablab.com.br\/blog\/","name":"a\/b lab","description":"a\/b lab \u2022 business driven \u2022 tech based \u2022 creative believers","publisher":{"@id":"https:\/\/ablab.com.br\/blog\/#organization"},"potentialAction":[{"@type":"SearchAction","target":{"@type":"EntryPoint","urlTemplate":"https:\/\/ablab.com.br\/blog\/?s={search_term_string}"},"query-input":"required name=search_term_string"}],"inLanguage":"pt-BR"},{"@type":"Organization","@id":"https:\/\/ablab.com.br\/blog\/#organization","name":"a\/b lab","alternateName":"ab lab","url":"https:\/\/ablab.com.br\/blog\/","logo":{"@type":"ImageObject","inLanguage":"pt-BR","@id":"https:\/\/ablab.com.br\/blog\/#\/schema\/logo\/image\/","url":"https:\/\/ablab.com.br\/blog\/wp-content\/uploads\/avatar1_zap.png","contentUrl":"https:\/\/ablab.com.br\/blog\/wp-content\/uploads\/avatar1_zap.png","width":240,"height":240,"caption":"a\/b lab"},"image":{"@id":"https:\/\/ablab.com.br\/blog\/#\/schema\/logo\/image\/"}},{"@type":"Person","@id":"https:\/\/ablab.com.br\/blog\/#\/schema\/person\/4f548a848297aed3b027340e61ccadbe","name":"Amanda Britto","url":"https:\/\/ablab.com.br\/blog\/author\/amanda\/"}]}},"_links":{"self":[{"href":"https:\/\/ablab.com.br\/blog\/wp-json\/wp\/v2\/posts\/661","targetHints":{"allow":["GET"]}}],"collection":[{"href":"https:\/\/ablab.com.br\/blog\/wp-json\/wp\/v2\/posts"}],"about":[{"href":"https:\/\/ablab.com.br\/blog\/wp-json\/wp\/v2\/types\/post"}],"author":[{"embeddable":true,"href":"https:\/\/ablab.com.br\/blog\/wp-json\/wp\/v2\/users\/3"}],"replies":[{"embeddable":true,"href":"https:\/\/ablab.com.br\/blog\/wp-json\/wp\/v2\/comments?post=661"}],"version-history":[{"count":1,"href":"https:\/\/ablab.com.br\/blog\/wp-json\/wp\/v2\/posts\/661\/revisions"}],"predecessor-version":[{"id":663,"href":"https:\/\/ablab.com.br\/blog\/wp-json\/wp\/v2\/posts\/661\/revisions\/663"}],"wp:featuredmedia":[{"embeddable":true,"href":"https:\/\/ablab.com.br\/blog\/wp-json\/wp\/v2\/media\/662"}],"wp:attachment":[{"href":"https:\/\/ablab.com.br\/blog\/wp-json\/wp\/v2\/media?parent=661"}],"wp:term":[{"taxonomy":"category","embeddable":true,"href":"https:\/\/ablab.com.br\/blog\/wp-json\/wp\/v2\/categories?post=661"},{"taxonomy":"post_tag","embeddable":true,"href":"https:\/\/ablab.com.br\/blog\/wp-json\/wp\/v2\/tags?post=661"}],"curies":[{"name":"wp","href":"https:\/\/api.w.org\/{rel}","templated":true}]}}