{"id":383,"date":"2024-06-13T15:54:41","date_gmt":"2024-06-13T18:54:41","guid":{"rendered":"https:\/\/ablab.com.br\/blog\/?p=383"},"modified":"2024-06-13T15:57:09","modified_gmt":"2024-06-13T18:57:09","slug":"quais-sao-os-pilares-do-marketing-de-conteudo","status":"publish","type":"post","link":"https:\/\/ablab.com.br\/blog\/quais-sao-os-pilares-do-marketing-de-conteudo\/","title":{"rendered":"Quais s\u00e3o os pilares do marketing de conte\u00fado?"},"content":{"rendered":"\n<p>Os pilares do marketing de conte\u00fado d\u00e3o as diretrizes necess\u00e1rias para implementar essa estrat\u00e9gia. Confira quais s\u00e3o e como utiliz\u00e1-los<\/p>\n\n\n\n<p>Pilares do marketing de conte\u00fado: quais s\u00e3o e como funcionam?<\/p>\n\n\n\n<p><strong>Os pilares do marketing de conte\u00fado s\u00e3o as bases necess\u00e1rias para estruturar adequadamente essa estrat\u00e9gia<\/strong>. Eles consistem em, por exemplo, conhecer sua persona, produzir conte\u00fados relevantes, usar linguagem apropriada, entre outras abordagens relacionadas.<\/p>\n\n\n\n<p>Aqui, vale lembrarmos que marketing de conte\u00fado \u00e9 uma estrat\u00e9gia que ajuda a atrair clientes para sua empresa, por meio da cria\u00e7\u00e3o de materiais web que, n\u00e3o necessariamente, falam sobre seus produtos e\/ou servi\u00e7os.<\/p>\n\n\n\n<p>Esses materiais podem ser artigos para blogs, posts para redes sociais, e-books, e-mail marketing, v\u00eddeo, podcasts, infogr\u00e1ficos e muitos outros.<\/p>\n\n\n\n<p>Entre os diversos motivos que tornam esse tipo de marketing t\u00e3o interessante, alguns bons exemplos s\u00e3o o aumento da visibilidade da sua empresa na internet, a possibilidade de posicionar sua marca como autoridade no ramo de atua\u00e7\u00e3o e a redu\u00e7\u00e3o do CAC (Custo de Aquisi\u00e7\u00e3o de Clientes).<\/p>\n\n\n\n<p>Todavia, para alcan\u00e7ar resultados como esses, \u00e9 fundamental conhecer quais s\u00e3o os pilares do marketing de conte\u00fado, como funcionam e outros pontos relacionados a essa estrat\u00e9gia.<\/p>\n\n\n\n<p>\u00c9 justamente sobre isso que falaremos neste artigo. Ent\u00e3o, siga a leitura e confira tudo agora mesmo!<\/p>\n\n\n\n<h2 class=\"wp-block-heading\">Quais s\u00e3o os pilares do marketing de conte\u00fado? 5 principais!<\/h2>\n\n\n\n<p>Os principais pilares do marketing de conte\u00fado que voc\u00ea deve considerar para sua estrat\u00e9gia s\u00e3o:<\/p>\n\n\n\n<ol class=\"wp-block-list\">\n<li>conhecer bem sua persona;<\/li>\n\n\n\n<li>identificar a jornada do cliente;<\/li>\n\n\n\n<li>produzir materiais relevantes;<\/li>\n\n\n\n<li>otimizar os conte\u00fados para SEO;<\/li>\n\n\n\n<li>manter a frequ\u00eancia das publica\u00e7\u00f5es.<\/li>\n<\/ol>\n\n\n\n<h3 class=\"wp-block-heading\">1. Conhecer bem sua persona<\/h3>\n\n\n\n<p><strong>A persona \u00e9 um personagem semifict\u00edcio que representa o cliente ideal da sua empresa<\/strong>. \u00c9 para essa pessoa que voc\u00ea criar\u00e1 todos os materiais da sua estrat\u00e9gia de marketing de conte\u00fado.<\/p>\n\n\n\n<p>Ela pode ser definida a partir da identifica\u00e7\u00e3o de fatores como idade, g\u00eanero, classe social, interesses, necessidades, e outros que a caracterizam.<\/p>\n\n\n\n<p>Conhecer sua persona \u00e9 fundamental saber, por exemplo, qual tom de voz usar nos materiais criados, quais temas abordar, entre outros pontos que ajudam a atrair visitantes para suas p\u00e1ginas e, principalmente, responder suas principais d\u00favidas.<\/p>\n\n\n\n<h3 class=\"wp-block-heading\">2. Identificar a jornada do cliente<\/h3>\n\n\n\n<p>Somado a isso, \u00e9 essencial conhecer a jornada do cliente, que <strong>consiste em identificar o momento de compra que ele est\u00e1 e, a partir dessa informa\u00e7\u00e3o, criar materiais que o ajudem a tomar a decis\u00e3o de aquisi\u00e7\u00e3o do produto ou servi\u00e7o.<\/strong><\/p>\n\n\n\n<p>Nos pilares do marketing de conte\u00fado, essa jornada \u00e9 dividida em tr\u00eas momentos distintos, que s\u00e3o:<\/p>\n\n\n\n<ul class=\"wp-block-list\">\n<li><strong>topo de funil<\/strong>: \u00e9 a fase de conscientiza\u00e7\u00e3o, na qual a persona identifica quem tem uma quest\u00e3o a ser resolvida e inicia a busca para solucion\u00e1-la;<\/li>\n\n\n\n<li><strong>meio de funil<\/strong>: a persona j\u00e1 identificou as primeiras possibilidades de solu\u00e7\u00e3o para o problema apresentado. Entretanto, requer conte\u00fados um pouco mais aprofundados para responder d\u00favidas espec\u00edficas;<\/li>\n\n\n\n<li><strong>fundo de funil<\/strong>: etapa final da jornada, \u00e9 o momento no qual a persona j\u00e1 considera sua empresa como uma das melhores para resolver o problema que tem, restando apenas receber algo mais completo para direcionar sua tomada de decis\u00e3o.<\/li>\n<\/ul>\n\n\n\n<h3 class=\"wp-block-heading\">3. Produzir materiais relevantes<\/h3>\n\n\n\n<p>No que se refere \u00e0 produ\u00e7\u00e3o desses conte\u00fados, eles devem ser relevantes para a persona. Isto \u00e9, <strong>conter dados e informa\u00e7\u00f5es que realmente auxiliem na jornada que esses potenciais clientes est\u00e3o percorrendo.<\/strong><\/p>\n\n\n\n<p>Para isso, o ideal \u00e9 desenvolver materiais alinhados com as necessidades, d\u00favidas e expectativas do p\u00fablico-alvo, ainda que essas pe\u00e7as n\u00e3o falem diretamente da sua empresa, produtos e\/ou servi\u00e7os comercializados.&nbsp;<\/p>\n\n\n\n<p>Tenha em mente que, no marketing de conte\u00fado, a apresenta\u00e7\u00e3o das solu\u00e7\u00f5es do seu neg\u00f3cio \u00e9 uma consequ\u00eancia.<\/p>\n\n\n\n<h3 class=\"wp-block-heading\">4. Otimizar os conte\u00fados para SEO<\/h3>\n\n\n\n<p>Para que seus materiais sejam sugeridos nos mecanismos de busca \u2014 e, com isso, facilmente encontrados por seu p\u00fablico-alvo \u2014, \u00e9 fundamental estarem otimizados para SEO.<\/p>\n\n\n\n<p>SEO significa Search Engine Optimization, e pode ser definido como os <strong>crit\u00e9rios usados por plataformas de pesquisa, como o Google, para identificar e indicar seus conte\u00fados para quem est\u00e1 pesquisando assuntos relacionados.<\/strong><\/p>\n\n\n\n<p>Resumidamente, consiste em usar as palavras-chave certas, nos locais certos, assim como adequar fotos, v\u00eddeos, imagens e p\u00e1ginas web para serem encontrados pelos motores de busca dos sites de pesquisa.<\/p>\n\n\n\n<h3 class=\"wp-block-heading\">5. Manter a frequ\u00eancia das publica\u00e7\u00f5es<\/h3>\n\n\n\n<p>Entre os pilares do marketing de conte\u00fado, a frequ\u00eancia das publica\u00e7\u00f5es \u00e9 outro fator que impacta no ranqueamento dos materiais produzidos nas plataformas de pesquisa \u2014 o Google, que \u00e9 a maior de todas, \u00e9 uma das que considera esse crit\u00e9rio.<\/p>\n\n\n\n<p>Na pr\u00e1tica, quer dizer que <strong>\u00e9 preciso estabelecer e manter um bom fluxo de postagens e entrega de materiais<\/strong>. Dessa forma, sua persona sempre novidades e conte\u00fados da sua empresa, que ajudar\u00e3o n\u00e3o apenas na tomada de decis\u00e3o, mas tamb\u00e9m a fideliz\u00e1-la.<\/p>\n\n\n\n<h2 class=\"wp-block-heading\">O que \u00e9 o calend\u00e1rio editorial marketing de conte\u00fado?<\/h2>\n\n\n\n<p>Uma boa maneira de manter essa frequ\u00eancia que acabamos de citar \u00e9 definindo um calend\u00e1rio editorial de marketing de conte\u00fado.<\/p>\n\n\n\n<p>Como o pr\u00f3prio nome sugere, o calend\u00e1rio editorial de marketing de conte\u00fado \u00e9 um <strong>documento que registra toda a programa\u00e7\u00e3o de cria\u00e7\u00e3o e entrega dos materiais<\/strong>. Basicamente, ele funciona como uma esp\u00e9cie de agenda, organizando o que ser\u00e1 produzido, quando e em quais canais e datas publicar.<\/p>\n\n\n\n<p>\u00c9 certo que cada empresa tem sua pr\u00f3pria din\u00e2mica e rotina de produ\u00e7\u00e3o de marketing de conte\u00fado. Por\u00e9m, alguns pontos interessantes de serem considerados na estrutura\u00e7\u00e3o desse calend\u00e1rio s\u00e3o:<\/p>\n\n\n\n<ul class=\"wp-block-list\">\n<li>explore datas sazonais que tenham rela\u00e7\u00e3o com seu neg\u00f3cio e p\u00fablico-alvo;<\/li>\n\n\n\n<li>defina dias e per\u00edodos que podem ser aproveitados para divulga\u00e7\u00e3o de materiais mais ricos;<\/li>\n\n\n\n<li>identifique os melhores dias e hor\u00e1rios para postagens.<\/li>\n<\/ul>\n\n\n\n<h2 class=\"wp-block-heading\">Como planejar o marketing de conte\u00fado da sua empresa? 5 dicas!<\/h2>\n\n\n\n<p>Todavia, os pilares e o calend\u00e1rio editorial s\u00e3o apenas algumas das pe\u00e7as que comp\u00f5em uma boa estrat\u00e9gia de marketing de conte\u00fado.&nbsp;<\/p>\n\n\n\n<p>Para fazer um planejamento de sucesso, h\u00e1 diversas boas pr\u00e1ticas que vale a pena adotar, tais como:<\/p>\n\n\n\n<ul class=\"wp-block-list\">\n<li>tenha metas e objetivos bem definidos, por exemplo, aumentar o n\u00famero de leads, trazer mais leitores para seu blog, entre outros;<\/li>\n\n\n\n<li>identifique quais s\u00e3o os canais e tipos de conte\u00fados que seus clientes preferem consumir;<\/li>\n\n\n\n<li>defina uma verba espec\u00edfica para ser usada em marketing de conte\u00fado, e a trate como um investimento constante em favor do crescimento da sua marca;<\/li>\n\n\n\n<li>ou\u00e7a o que seu p\u00fablico-alvo tem a dizer e utilize esses feedbacks para aprimorar sua estrat\u00e9gia;<\/li>\n\n\n\n<li>mensure periodicamente os resultados, a fim de identificar o que est\u00e1 dando certo e pode ser mantido, e o que precisa ser ajustado para melhorar a abordagem.<\/li>\n<\/ul>\n\n\n\n<h2 class=\"wp-block-heading\">Por que investir em marketing de conte\u00fado?<\/h2>\n\n\n\n<p>Como dissemos logo na abertura deste artigo, <strong>o marketing de conte\u00fado \u00e9 uma estrat\u00e9gia que ajuda a atrair clientes para sua empresa<\/strong>.&nbsp;<\/p>\n\n\n\n<p>Comumente, essa abordagem tem um CAC menor que as outras formas de marketing, o que o torna ideal para ser explorado por companhias dos mais variados portes e segmentos.<\/p>\n\n\n\n<p>Somado a esses pontos, vale (muito) a pena investir em marketing de conte\u00fado, porque:<\/p>\n\n\n\n<ul class=\"wp-block-list\">\n<li>gera tr\u00e1fego org\u00e2nico para suas p\u00e1ginas web;<\/li>\n\n\n\n<li>ajuda a tornar sua marca conhecida na internet;<\/li>\n\n\n\n<li>contribui para seu neg\u00f3cio se posicionar como autoridade no mercado de atua\u00e7\u00e3o;<\/li>\n\n\n\n<li>fomenta a tomada de decis\u00e3o de compra da persona a favor dos seus produtos e\/ou servi\u00e7os;<\/li>\n\n\n\n<li>abre caminho para seus clientes se tornarem divulgadores naturais da sua marca.<\/li>\n<\/ul>\n\n\n\n<p>Achou tudo isso interessante e quer saber mais sobre marketing de conte\u00fado? Ent\u00e3o aproveite que est\u00e1 aqui, no blog da a\/b lab, e confira outros artigos que temos sobre esse assunto!<\/p>\n","protected":false},"excerpt":{"rendered":"<p>Os pilares do marketing de conte\u00fado d\u00e3o as diretrizes necess\u00e1rias para implementar essa estrat\u00e9gia. Confira quais s\u00e3o e como utiliz\u00e1-los Pilares do marketing de conte\u00fado: quais s\u00e3o e como funcionam?&#8230; <a class=\"more-link\" href=\"https:\/\/ablab.com.br\/blog\/quais-sao-os-pilares-do-marketing-de-conteudo\/\">continue lendo  \u00bb<\/a><\/p>\n","protected":false},"author":1,"featured_media":0,"comment_status":"closed","ping_status":"closed","sticky":false,"template":"","format":"standard","meta":{"_sb_is_suggestion_mode":false,"_sb_show_suggestion_boards":false,"_sb_show_comment_boards":false,"_sb_suggestion_history":"","_sb_update_block_changes":"","footnotes":""},"categories":[24],"tags":[11],"class_list":["post-383","post","type-post","status-publish","format-standard","hentry","category-marketing-de-conteudo","tag-marketing-de-conteudo-3"],"yoast_head":"<!-- This site is optimized with the Yoast SEO plugin v22.8 - https:\/\/yoast.com\/wordpress\/plugins\/seo\/ -->\n<title>Quais s\u00e3o os pilares do marketing de conte\u00fado? - a\/b lab<\/title>\n<meta name=\"robots\" content=\"index, follow, max-snippet:-1, max-image-preview:large, max-video-preview:-1\" \/>\n<link rel=\"canonical\" href=\"https:\/\/ablab.com.br\/blog\/quais-sao-os-pilares-do-marketing-de-conteudo\/\" \/>\n<meta property=\"og:locale\" content=\"pt_BR\" \/>\n<meta property=\"og:type\" content=\"article\" \/>\n<meta property=\"og:title\" content=\"Quais s\u00e3o os pilares do marketing de conte\u00fado? - a\/b lab\" \/>\n<meta property=\"og:description\" content=\"Os pilares do marketing de conte\u00fado d\u00e3o as diretrizes necess\u00e1rias para implementar essa estrat\u00e9gia. Confira quais s\u00e3o e como utiliz\u00e1-los Pilares do marketing de conte\u00fado: quais s\u00e3o e como funcionam?... continue lendo \u00bb\" \/>\n<meta property=\"og:url\" content=\"https:\/\/ablab.com.br\/blog\/quais-sao-os-pilares-do-marketing-de-conteudo\/\" \/>\n<meta property=\"og:site_name\" content=\"a\/b lab\" \/>\n<meta property=\"article:published_time\" content=\"2024-06-13T18:54:41+00:00\" \/>\n<meta property=\"article:modified_time\" content=\"2024-06-13T18:57:09+00:00\" \/>\n<meta property=\"og:image\" content=\"https:\/\/ablab.com.br\/blog\/wp-content\/uploads\/ablab.png\" \/>\n\t<meta property=\"og:image:width\" content=\"861\" \/>\n\t<meta property=\"og:image:height\" content=\"160\" \/>\n\t<meta property=\"og:image:type\" content=\"image\/png\" \/>\n<meta name=\"author\" content=\"admin-ablab\" \/>\n<meta name=\"twitter:card\" content=\"summary_large_image\" \/>\n<meta name=\"twitter:label1\" content=\"Escrito por\" \/>\n\t<meta name=\"twitter:data1\" content=\"admin-ablab\" \/>\n\t<meta name=\"twitter:label2\" content=\"Est. tempo de leitura\" \/>\n\t<meta name=\"twitter:data2\" content=\"7 minutos\" \/>\n<script type=\"application\/ld+json\" class=\"yoast-schema-graph\">{\"@context\":\"https:\/\/schema.org\",\"@graph\":[{\"@type\":\"Article\",\"@id\":\"https:\/\/ablab.com.br\/blog\/quais-sao-os-pilares-do-marketing-de-conteudo\/#article\",\"isPartOf\":{\"@id\":\"https:\/\/ablab.com.br\/blog\/quais-sao-os-pilares-do-marketing-de-conteudo\/\"},\"author\":{\"name\":\"admin-ablab\",\"@id\":\"https:\/\/ablab.com.br\/blog\/#\/schema\/person\/e7bb7e37f9b5842fc9d7d6391232cce6\"},\"headline\":\"Quais s\u00e3o os pilares do marketing de conte\u00fado?\",\"datePublished\":\"2024-06-13T18:54:41+00:00\",\"dateModified\":\"2024-06-13T18:57:09+00:00\",\"mainEntityOfPage\":{\"@id\":\"https:\/\/ablab.com.br\/blog\/quais-sao-os-pilares-do-marketing-de-conteudo\/\"},\"wordCount\":1349,\"publisher\":{\"@id\":\"https:\/\/ablab.com.br\/blog\/#organization\"},\"keywords\":[\"Marketing de Conte\u00fado\"],\"articleSection\":[\"Marketing de Conte\u00fado\"],\"inLanguage\":\"pt-BR\"},{\"@type\":\"WebPage\",\"@id\":\"https:\/\/ablab.com.br\/blog\/quais-sao-os-pilares-do-marketing-de-conteudo\/\",\"url\":\"https:\/\/ablab.com.br\/blog\/quais-sao-os-pilares-do-marketing-de-conteudo\/\",\"name\":\"Quais s\u00e3o os pilares do marketing de conte\u00fado? - a\/b lab\",\"isPartOf\":{\"@id\":\"https:\/\/ablab.com.br\/blog\/#website\"},\"datePublished\":\"2024-06-13T18:54:41+00:00\",\"dateModified\":\"2024-06-13T18:57:09+00:00\",\"breadcrumb\":{\"@id\":\"https:\/\/ablab.com.br\/blog\/quais-sao-os-pilares-do-marketing-de-conteudo\/#breadcrumb\"},\"inLanguage\":\"pt-BR\",\"potentialAction\":[{\"@type\":\"ReadAction\",\"target\":[\"https:\/\/ablab.com.br\/blog\/quais-sao-os-pilares-do-marketing-de-conteudo\/\"]}]},{\"@type\":\"BreadcrumbList\",\"@id\":\"https:\/\/ablab.com.br\/blog\/quais-sao-os-pilares-do-marketing-de-conteudo\/#breadcrumb\",\"itemListElement\":[{\"@type\":\"ListItem\",\"position\":1,\"name\":\"In\u00edcio\",\"item\":\"https:\/\/ablab.com.br\/blog\/\"},{\"@type\":\"ListItem\",\"position\":2,\"name\":\"Quais s\u00e3o os pilares do marketing de conte\u00fado?\"}]},{\"@type\":\"WebSite\",\"@id\":\"https:\/\/ablab.com.br\/blog\/#website\",\"url\":\"https:\/\/ablab.com.br\/blog\/\",\"name\":\"a\/b lab\",\"description\":\"a\/b lab \u2022 business driven \u2022 tech based \u2022 creative believers\",\"publisher\":{\"@id\":\"https:\/\/ablab.com.br\/blog\/#organization\"},\"potentialAction\":[{\"@type\":\"SearchAction\",\"target\":{\"@type\":\"EntryPoint\",\"urlTemplate\":\"https:\/\/ablab.com.br\/blog\/?s={search_term_string}\"},\"query-input\":\"required name=search_term_string\"}],\"inLanguage\":\"pt-BR\"},{\"@type\":\"Organization\",\"@id\":\"https:\/\/ablab.com.br\/blog\/#organization\",\"name\":\"a\/b lab\",\"alternateName\":\"ab lab\",\"url\":\"https:\/\/ablab.com.br\/blog\/\",\"logo\":{\"@type\":\"ImageObject\",\"inLanguage\":\"pt-BR\",\"@id\":\"https:\/\/ablab.com.br\/blog\/#\/schema\/logo\/image\/\",\"url\":\"https:\/\/ablab.com.br\/blog\/wp-content\/uploads\/avatar1_zap.png\",\"contentUrl\":\"https:\/\/ablab.com.br\/blog\/wp-content\/uploads\/avatar1_zap.png\",\"width\":240,\"height\":240,\"caption\":\"a\/b lab\"},\"image\":{\"@id\":\"https:\/\/ablab.com.br\/blog\/#\/schema\/logo\/image\/\"}},{\"@type\":\"Person\",\"@id\":\"https:\/\/ablab.com.br\/blog\/#\/schema\/person\/e7bb7e37f9b5842fc9d7d6391232cce6\",\"name\":\"admin-ablab\",\"sameAs\":[\"https:\/\/www.ablab.com.br\/\"],\"url\":\"https:\/\/ablab.com.br\/blog\/author\/admin-ablab\/\"}]}<\/script>\n<!-- \/ Yoast SEO plugin. -->","yoast_head_json":{"title":"Quais s\u00e3o os pilares do marketing de conte\u00fado? - a\/b lab","robots":{"index":"index","follow":"follow","max-snippet":"max-snippet:-1","max-image-preview":"max-image-preview:large","max-video-preview":"max-video-preview:-1"},"canonical":"https:\/\/ablab.com.br\/blog\/quais-sao-os-pilares-do-marketing-de-conteudo\/","og_locale":"pt_BR","og_type":"article","og_title":"Quais s\u00e3o os pilares do marketing de conte\u00fado? - a\/b lab","og_description":"Os pilares do marketing de conte\u00fado d\u00e3o as diretrizes necess\u00e1rias para implementar essa estrat\u00e9gia. Confira quais s\u00e3o e como utiliz\u00e1-los Pilares do marketing de conte\u00fado: quais s\u00e3o e como funcionam?... continue lendo \u00bb","og_url":"https:\/\/ablab.com.br\/blog\/quais-sao-os-pilares-do-marketing-de-conteudo\/","og_site_name":"a\/b lab","article_published_time":"2024-06-13T18:54:41+00:00","article_modified_time":"2024-06-13T18:57:09+00:00","og_image":[{"width":861,"height":160,"url":"https:\/\/ablab.com.br\/blog\/wp-content\/uploads\/ablab.png","type":"image\/png"}],"author":"admin-ablab","twitter_card":"summary_large_image","twitter_misc":{"Escrito por":"admin-ablab","Est. tempo de leitura":"7 minutos"},"schema":{"@context":"https:\/\/schema.org","@graph":[{"@type":"Article","@id":"https:\/\/ablab.com.br\/blog\/quais-sao-os-pilares-do-marketing-de-conteudo\/#article","isPartOf":{"@id":"https:\/\/ablab.com.br\/blog\/quais-sao-os-pilares-do-marketing-de-conteudo\/"},"author":{"name":"admin-ablab","@id":"https:\/\/ablab.com.br\/blog\/#\/schema\/person\/e7bb7e37f9b5842fc9d7d6391232cce6"},"headline":"Quais s\u00e3o os pilares do marketing de conte\u00fado?","datePublished":"2024-06-13T18:54:41+00:00","dateModified":"2024-06-13T18:57:09+00:00","mainEntityOfPage":{"@id":"https:\/\/ablab.com.br\/blog\/quais-sao-os-pilares-do-marketing-de-conteudo\/"},"wordCount":1349,"publisher":{"@id":"https:\/\/ablab.com.br\/blog\/#organization"},"keywords":["Marketing de Conte\u00fado"],"articleSection":["Marketing de Conte\u00fado"],"inLanguage":"pt-BR"},{"@type":"WebPage","@id":"https:\/\/ablab.com.br\/blog\/quais-sao-os-pilares-do-marketing-de-conteudo\/","url":"https:\/\/ablab.com.br\/blog\/quais-sao-os-pilares-do-marketing-de-conteudo\/","name":"Quais s\u00e3o os pilares do marketing de conte\u00fado? - a\/b lab","isPartOf":{"@id":"https:\/\/ablab.com.br\/blog\/#website"},"datePublished":"2024-06-13T18:54:41+00:00","dateModified":"2024-06-13T18:57:09+00:00","breadcrumb":{"@id":"https:\/\/ablab.com.br\/blog\/quais-sao-os-pilares-do-marketing-de-conteudo\/#breadcrumb"},"inLanguage":"pt-BR","potentialAction":[{"@type":"ReadAction","target":["https:\/\/ablab.com.br\/blog\/quais-sao-os-pilares-do-marketing-de-conteudo\/"]}]},{"@type":"BreadcrumbList","@id":"https:\/\/ablab.com.br\/blog\/quais-sao-os-pilares-do-marketing-de-conteudo\/#breadcrumb","itemListElement":[{"@type":"ListItem","position":1,"name":"In\u00edcio","item":"https:\/\/ablab.com.br\/blog\/"},{"@type":"ListItem","position":2,"name":"Quais s\u00e3o os pilares do marketing de conte\u00fado?"}]},{"@type":"WebSite","@id":"https:\/\/ablab.com.br\/blog\/#website","url":"https:\/\/ablab.com.br\/blog\/","name":"a\/b lab","description":"a\/b lab \u2022 business driven \u2022 tech based \u2022 creative believers","publisher":{"@id":"https:\/\/ablab.com.br\/blog\/#organization"},"potentialAction":[{"@type":"SearchAction","target":{"@type":"EntryPoint","urlTemplate":"https:\/\/ablab.com.br\/blog\/?s={search_term_string}"},"query-input":"required name=search_term_string"}],"inLanguage":"pt-BR"},{"@type":"Organization","@id":"https:\/\/ablab.com.br\/blog\/#organization","name":"a\/b lab","alternateName":"ab lab","url":"https:\/\/ablab.com.br\/blog\/","logo":{"@type":"ImageObject","inLanguage":"pt-BR","@id":"https:\/\/ablab.com.br\/blog\/#\/schema\/logo\/image\/","url":"https:\/\/ablab.com.br\/blog\/wp-content\/uploads\/avatar1_zap.png","contentUrl":"https:\/\/ablab.com.br\/blog\/wp-content\/uploads\/avatar1_zap.png","width":240,"height":240,"caption":"a\/b lab"},"image":{"@id":"https:\/\/ablab.com.br\/blog\/#\/schema\/logo\/image\/"}},{"@type":"Person","@id":"https:\/\/ablab.com.br\/blog\/#\/schema\/person\/e7bb7e37f9b5842fc9d7d6391232cce6","name":"admin-ablab","sameAs":["https:\/\/www.ablab.com.br\/"],"url":"https:\/\/ablab.com.br\/blog\/author\/admin-ablab\/"}]}},"_links":{"self":[{"href":"https:\/\/ablab.com.br\/blog\/wp-json\/wp\/v2\/posts\/383","targetHints":{"allow":["GET"]}}],"collection":[{"href":"https:\/\/ablab.com.br\/blog\/wp-json\/wp\/v2\/posts"}],"about":[{"href":"https:\/\/ablab.com.br\/blog\/wp-json\/wp\/v2\/types\/post"}],"author":[{"embeddable":true,"href":"https:\/\/ablab.com.br\/blog\/wp-json\/wp\/v2\/users\/1"}],"replies":[{"embeddable":true,"href":"https:\/\/ablab.com.br\/blog\/wp-json\/wp\/v2\/comments?post=383"}],"version-history":[{"count":1,"href":"https:\/\/ablab.com.br\/blog\/wp-json\/wp\/v2\/posts\/383\/revisions"}],"predecessor-version":[{"id":384,"href":"https:\/\/ablab.com.br\/blog\/wp-json\/wp\/v2\/posts\/383\/revisions\/384"}],"wp:attachment":[{"href":"https:\/\/ablab.com.br\/blog\/wp-json\/wp\/v2\/media?parent=383"}],"wp:term":[{"taxonomy":"category","embeddable":true,"href":"https:\/\/ablab.com.br\/blog\/wp-json\/wp\/v2\/categories?post=383"},{"taxonomy":"post_tag","embeddable":true,"href":"https:\/\/ablab.com.br\/blog\/wp-json\/wp\/v2\/tags?post=383"}],"curies":[{"name":"wp","href":"https:\/\/api.w.org\/{rel}","templated":true}]}}