{"id":294,"date":"2023-09-05T14:38:00","date_gmt":"2023-09-05T17:38:00","guid":{"rendered":"https:\/\/ablab.com.br\/blog\/?p=294"},"modified":"2024-06-06T16:27:35","modified_gmt":"2024-06-06T19:27:35","slug":"conteudo-para-social-media-como-produzir-e-gerenciar","status":"publish","type":"post","link":"https:\/\/ablab.com.br\/blog\/conteudo-para-social-media-como-produzir-e-gerenciar\/","title":{"rendered":"Conte\u00fado para social media: como produzir e gerenciar?"},"content":{"rendered":"\n<p><span id=\"docs-internal-guid-a1850372-7fff-cc0e-cfb9-106a03cde0da\"><p dir=\"ltr\" style=\"line-height:1.38;margin-top:0pt;margin-bottom:0pt;\"><span style=\"font-size: 11pt; font-family: Arial, sans-serif; background-color: transparent; font-variant-numeric: normal; font-variant-east-asian: normal; font-variant-alternates: normal; font-variant-position: normal; vertical-align: baseline;\">Aprenda como criar conte\u00fado para social media, aumente a presen\u00e7a da sua marca na internet e eleve seu poder de venda. Veja como em 9 passos!<\/span><\/p><\/span><\/p>\n\n\n\n<p>Conte\u00fado para social media: por que e como produzir? 9 dicas!<\/p>\n\n\n\n<p>Produzir conte\u00fado para social media \u2014 ou seja, para as redes sociais \u2014 h\u00e1 tempos deixou de ser uma alternativa e <strong>se tornou uma ferramenta fundamental de crescimento para marcas dos mais variados segmentos<\/strong>.&nbsp;<\/p>\n\n\n\n<p>O motivo \u00e9 que, cada vez mais, as pessoas est\u00e3o inseridas nesse universo e o utilizam como forma de conhecer produtos, servi\u00e7os, pesquisar sobre empresas e embasar suas decis\u00f5es de compras.<\/p>\n\n\n\n<p>Apenas como exemplo do impacto das redes sociais nas empresas, uma <a href=\"https:\/\/blog.opinionbox.com\/pesquisa-instagram\/\" target=\"_blank\" rel=\"noreferrer noopener\"><strong>pesquisa<\/strong><\/a> do Opinion Box revelou que 44% dos brasileiros j\u00e1 usaram o Instagram para conversar com marcas.\u00a0<\/p>\n\n\n\n<p>Outros 64% j\u00e1 compraram algo ou contrataram um servi\u00e7o que descobriram nessa rede social. Inclusive, 59% dos mais de 2 mil entrevistados disseram que, cada dia mais, usam o Instagram para procurar algo que deseja comprar.<\/p>\n\n\n\n<p>O que queremos dizer com isso? Bem, que <strong>produzir conte\u00fado para social media \u00e9 essencial para sua empresa alcan\u00e7ar mais p\u00fablico e, com isso, elevar o volume de vendas e de faturamento.<\/strong><\/p>\n\n\n\n<p>E aqui j\u00e1 vai a primeira dica para voc\u00ea: a disputa pela aten\u00e7\u00e3o dos seguidores est\u00e1 cada vez mais acirrada nessas plataformas. Por isso, \u00e9 essencial saber o que criar e como gerenciar as redes sociais da sua empresa.<\/p>\n\n\n\n<p>N\u00e3o tem ideia de como fazer isso? Ent\u00e3o, siga a leitura deste artigo e confira tudo sobre produ\u00e7\u00e3o de conte\u00fado para m\u00eddias sociais!<\/p>\n\n\n\n<h2 class=\"wp-block-heading\">O que \u00e9 conte\u00fado para social media e quais formatos existem?<\/h2>\n\n\n\n<p><strong>O conte\u00fado para social media pode ser definido como todas as pe\u00e7as publicit\u00e1rias e de divulga\u00e7\u00e3o criadas para serem publicadas nas redes sociais de uma empresa. Isto \u00e9, s\u00e3o fotos, textos, imagens, entre outros conte\u00fados que trazem para o p\u00fablico-alvo da marca variada informa\u00e7\u00f5es.<\/strong><\/p>\n\n\n\n<p>A ideia por tr\u00e1s da cria\u00e7\u00e3o de conte\u00fados para as m\u00eddias sociais \u00e9 atrair e engajar os seguidores e promover a marca na internet. Com isso, \u00e9 poss\u00edvel gerar leads e novos clientes ao despertar o interesse das pessoas e\/ou empresas sobre o que \u00e9 vendido pelo neg\u00f3cio.<\/p>\n\n\n\n<p>Uma das grandes vantagens desse tipo de conte\u00fado digital \u00e9 que ele pode ser criado em diversos formatos, tais como:<\/p>\n\n\n\n<ul class=\"wp-block-list\">\n<li>fotos e imagens;<\/li>\n\n\n\n<li>textos;<\/li>\n\n\n\n<li>v\u00eddeos;<\/li>\n\n\n\n<li>infogr\u00e1ficos;<\/li>\n\n\n\n<li>carross\u00e9is;<\/li>\n\n\n\n<li>slide show;<\/li>\n\n\n\n<li>entre outros.<\/li>\n<\/ul>\n\n\n\n<h2 class=\"wp-block-heading\">Qual o impacto das redes sociais nas empresas?<\/h2>\n\n\n\n<p>Segundo dados do<strong> <a href=\"https:\/\/wearesocial.com\/uk\/blog\/2023\/01\/digital-2023\/\" target=\"_blank\" rel=\"noreferrer noopener\">relat\u00f3rio<\/a><\/strong> Digital 2023, da We Are Social, <strong>em janeiro de 2023 o Brasil j\u00e1 tinha mais de 152,4 milh\u00f5es de usu\u00e1rios de m\u00eddias sociais<\/strong>. Esse n\u00famero representa <strong>70,6% da popula\u00e7\u00e3o total do nosso pa\u00eds<\/strong>.<\/p>\n\n\n\n<p>Quanto \u00e0s redes sociais mais usadas, o ranking brasileiro \u00e9 formado por:<\/p>\n\n\n\n<ol class=\"wp-block-list\">\n<li>YouTube: 142,0 milh\u00f5es;<\/li>\n\n\n\n<li>Instagram: 113,5 milh\u00f5es;<\/li>\n\n\n\n<li>Facebook: 109,1 milh\u00f5es;<\/li>\n\n\n\n<li>TikTok: 82,21 milh\u00f5es;<\/li>\n\n\n\n<li>Facebook Messenger: 62,05 milh\u00f5es;<\/li>\n\n\n\n<li>LinkedIn: 59,0 milh\u00f5es;<\/li>\n\n\n\n<li>Pinterest: 28,05 milh\u00f5es;<\/li>\n\n\n\n<li>Twitter (atual X): 24,30 milh\u00f5es;<\/li>\n\n\n\n<li>Snapchat: 7,65 milh\u00f5es.<\/li>\n<\/ol>\n\n\n\n<p>Com toda essa audi\u00eancia, \u00e9 certo que as empresas seriam impactadas. A pesquisa do Opinion Box que citamos logo na abertura deste artigo tamb\u00e9m mostrou que 82% dos brasileiros seguem algum neg\u00f3cio ou marca no Instagram.<\/p>\n\n\n\n<p>Outros relat\u00f3rios da mesma companhia de pesquisa apontaram que:<\/p>\n\n\n\n<ul class=\"wp-block-list\">\n<li>62% dos consumidores do nosso pa\u00eds j\u00e1 compraram algo no Facebook;<\/li>\n\n\n\n<li>68% conheceram produtos que nunca tinham visto antes no TikTok.<\/li>\n<\/ul>\n\n\n\n<p>Esses percentuais s\u00f3 refor\u00e7am o que j\u00e1 comentamos: <strong>criar conte\u00fado para social media \u00e9 fundamental para sua marca se tornar mais conhecida na internet e, com isso, aumentar as chances de vender e lucrar mais!<\/strong><\/p>\n\n\n\n<h2 class=\"wp-block-heading\">9 dicas de como produzir conte\u00fado para social media!<\/h2>\n\n\n\n<p>Por\u00e9m, para obter bons resultados, \u00e9 fundamental saber como criar e divulgar bons conte\u00fados para as redes sociais, certo? Para ajudar voc\u00ea a adotar essa estrat\u00e9gia, nossas dicas s\u00e3o:<\/p>\n\n\n\n<ol class=\"wp-block-list\">\n<li>defina um plano de a\u00e7\u00e3o;<\/li>\n\n\n\n<li>fale a mesma l\u00edngua que seus seguidores;<\/li>\n\n\n\n<li>crie conte\u00fados em diferentes formatos;<\/li>\n\n\n\n<li>aborde temas realmente relevantes para o seu p\u00fablico;<\/li>\n\n\n\n<li>explore os assuntos o momento;<\/li>\n\n\n\n<li>fecha parceria com outras marcas;<\/li>\n\n\n\n<li>interaja com os seguidores;<\/li>\n\n\n\n<li>post frequentemente;<\/li>\n\n\n\n<li>mensure os resultados da sua estrat\u00e9gia.<\/li>\n<\/ol>\n\n\n\n<h3 class=\"wp-block-heading\">1. Defina um plano de a\u00e7\u00e3o<\/h3>\n\n\n\n<p>O qu\u00ea, quando, como e de que maneira voc\u00ea pretende criar conte\u00fados para as redes sociais da sua empresa? Far\u00e1 isso por conta, tem uma equipe interna, ou contratar\u00e1 uma ag\u00eancia especializada?<\/p>\n\n\n\n<p>Responder essas quest\u00f5es \u00e9 o primeiro passo que voc\u00ea deve dar para implementar essa estrat\u00e9gia. Isso porque ser\u00e1 esse plano de a\u00e7\u00e3o nortear\u00e1 todas as demais tarefas que precisar\u00e1 realizar para ter sucesso nessa abordagem.<\/p>\n\n\n\n<h3 class=\"wp-block-heading\">2. Fale a mesma l\u00edngua que seus seguidores<\/h3>\n\n\n\n<p>Em seguida, pense como falar com seu p\u00fablico-alvo. A linguagem certa \u00e9 essencial para chamar a aten\u00e7\u00e3o dos seguidores para seus conte\u00fados e promover o engajamento.&nbsp;<\/p>\n\n\n\n<p>Para isso, defina quem \u00e9 a persona da sua marca, ou seja, o perfil do cliente ideal para seus produtos e\/ou servi\u00e7os. A partir disso fica bem mais f\u00e1cil identificar as prefer\u00eancias do seu p\u00fablico-alvo e estabelecer uma boa comunica\u00e7\u00e3o.<\/p>\n\n\n\n<h3 class=\"wp-block-heading\">3. Crie conte\u00fados em diferentes formatos<\/h3>\n\n\n\n<p>Como dissemos, os conte\u00fados para redes sociais podem ser feitos nos mais variados formatos. Ent\u00e3o, explore o m\u00e1ximo poss\u00edvel, mas sempre considerando o perfil das pessoas ou empresas que pretende atingir.<\/p>\n\n\n\n<p>Stories, transmiss\u00f5es ao vivo, enquetes, conte\u00fados interativos, entrevistas, pesquisas, s\u00e3o apenas alguns exemplos de modelos que vale a pena serem explorados.<\/p>\n\n\n\n<h3 class=\"wp-block-heading\">4. Aborde temas realmente relevantes para o seu p\u00fablico<\/h3>\n\n\n\n<p><strong>Criar conte\u00fado para redes sociais n\u00e3o pode se limitar a divulgar o que sua empresa vende<\/strong>. Na verdade, se realmente quer chegar at\u00e9 seu p\u00fablico-alvo, voc\u00ea precisa abordar temas que s\u00e3o relevantes para essas pessoas.<\/p>\n\n\n\n<p>Assim, o ideal \u00e9 aproveitar suas publica\u00e7\u00f5es para responder d\u00favidas, passar informa\u00e7\u00f5es interessantes, transmitir novidades sobre o segmento, entre outras abordagens que aumentam o conhecimento dos seus clientes atuais e futuros.<\/p>\n\n\n\n<p>Ao fazer isso, voc\u00ea tamb\u00e9m tem a chance de transformar sua marca em uma refer\u00eancia na internet, deixando-a ainda mais interessante!<\/p>\n\n\n\n<h3 class=\"wp-block-heading\">5. Explore os assuntos o momento<\/h3>\n\n\n\n<p>Qual assunto est\u00e1 &#8220;bombando&#8221; nas redes sociais? Se ele puder ser relacionado com o que sua empresa vende, abord\u00e1-lo em suas publica\u00e7\u00f5es pode aumentar o engajamento da sua marca.<\/p>\n\n\n\n<p>O TikTok, por exemplo, funciona por meio de trends, que s\u00e3o conte\u00fados postados nessa plataforma que alcan\u00e7aram alto potencial de compartilhamento em um curto espa\u00e7o de tempo.<\/p>\n\n\n\n<p>Se as trends do momento forem relevantes para a sua persona, criar conte\u00fados sobre elas pode ajudar no alcance, engajamento e divulga\u00e7\u00e3o da sua empresa.<\/p>\n\n\n\n<h3 class=\"wp-block-heading\">6. Fecha parceria com outras marcas<\/h3>\n\n\n\n<p>Tem alguma marca que complementa a sua, ou que oferece solu\u00e7\u00f5es para o mesmo p\u00fablico-alvo? Ent\u00e3o, que tal fechar uma parceria?&nbsp;<\/p>\n\n\n\n<p>Ao fazer isso, sua marca se torna conhecida dos seguidores de outra empresa, aumentando sua participa\u00e7\u00e3o na internet e elevando as chances de conquistar novos clientes.<\/p>\n\n\n\n<p><span id=\"docs-internal-guid-a1850372-7fff-cc0e-cfb9-106a03cde0da\"><div><span style=\"font-size: 11pt; font-family: Arial, sans-serif; background-color: transparent; font-variant-numeric: normal; font-variant-east-asian: normal; font-variant-alternates: normal; font-variant-position: normal; vertical-align: baseline;\"><\/span><\/div><\/span><\/p>\n","protected":false},"excerpt":{"rendered":"<p>Aprenda como criar conte\u00fado para social media, aumente a presen\u00e7a da sua marca na internet e eleve seu poder de venda. Veja como em 9 passos! Conte\u00fado para social media:&#8230; <a class=\"more-link\" href=\"https:\/\/ablab.com.br\/blog\/conteudo-para-social-media-como-produzir-e-gerenciar\/\">continue lendo  \u00bb<\/a><\/p>\n","protected":false},"author":1,"featured_media":0,"comment_status":"closed","ping_status":"closed","sticky":false,"template":"","format":"standard","meta":{"_sb_is_suggestion_mode":false,"_sb_show_suggestion_boards":false,"_sb_show_comment_boards":false,"_sb_suggestion_history":"","_sb_update_block_changes":"","footnotes":""},"categories":[31],"tags":[30],"class_list":["post-294","post","type-post","status-publish","format-standard","hentry","category-social-media","tag-importancia-sac-2-0"],"yoast_head":"<!-- This site is optimized with the Yoast SEO plugin v22.8 - https:\/\/yoast.com\/wordpress\/plugins\/seo\/ -->\n<title>Conte\u00fado para social media: como produzir e gerenciar? - a\/b lab<\/title>\n<meta name=\"robots\" content=\"index, follow, max-snippet:-1, max-image-preview:large, max-video-preview:-1\" \/>\n<link rel=\"canonical\" href=\"https:\/\/ablab.com.br\/blog\/conteudo-para-social-media-como-produzir-e-gerenciar\/\" \/>\n<meta property=\"og:locale\" content=\"pt_BR\" \/>\n<meta property=\"og:type\" content=\"article\" \/>\n<meta property=\"og:title\" content=\"Conte\u00fado para social media: como produzir e gerenciar? - a\/b lab\" \/>\n<meta property=\"og:description\" content=\"Aprenda como criar conte\u00fado para social media, aumente a presen\u00e7a da sua marca na internet e eleve seu poder de venda. Veja como em 9 passos! Conte\u00fado para social media:... continue lendo \u00bb\" \/>\n<meta property=\"og:url\" content=\"https:\/\/ablab.com.br\/blog\/conteudo-para-social-media-como-produzir-e-gerenciar\/\" \/>\n<meta property=\"og:site_name\" content=\"a\/b lab\" \/>\n<meta property=\"article:published_time\" content=\"2023-09-05T17:38:00+00:00\" \/>\n<meta property=\"article:modified_time\" content=\"2024-06-06T19:27:35+00:00\" \/>\n<meta property=\"og:image\" content=\"https:\/\/ablab.com.br\/blog\/wp-content\/uploads\/ablab.png\" \/>\n\t<meta property=\"og:image:width\" content=\"861\" \/>\n\t<meta property=\"og:image:height\" content=\"160\" \/>\n\t<meta property=\"og:image:type\" content=\"image\/png\" \/>\n<meta name=\"author\" content=\"admin-ablab\" \/>\n<meta name=\"twitter:card\" content=\"summary_large_image\" \/>\n<meta name=\"twitter:label1\" content=\"Escrito por\" \/>\n\t<meta name=\"twitter:data1\" content=\"admin-ablab\" \/>\n\t<meta name=\"twitter:label2\" content=\"Est. tempo de leitura\" \/>\n\t<meta name=\"twitter:data2\" content=\"7 minutos\" \/>\n<script type=\"application\/ld+json\" class=\"yoast-schema-graph\">{\"@context\":\"https:\/\/schema.org\",\"@graph\":[{\"@type\":\"Article\",\"@id\":\"https:\/\/ablab.com.br\/blog\/conteudo-para-social-media-como-produzir-e-gerenciar\/#article\",\"isPartOf\":{\"@id\":\"https:\/\/ablab.com.br\/blog\/conteudo-para-social-media-como-produzir-e-gerenciar\/\"},\"author\":{\"name\":\"admin-ablab\",\"@id\":\"https:\/\/ablab.com.br\/blog\/#\/schema\/person\/e7bb7e37f9b5842fc9d7d6391232cce6\"},\"headline\":\"Conte\u00fado para social media: como produzir e gerenciar?\",\"datePublished\":\"2023-09-05T17:38:00+00:00\",\"dateModified\":\"2024-06-06T19:27:35+00:00\",\"mainEntityOfPage\":{\"@id\":\"https:\/\/ablab.com.br\/blog\/conteudo-para-social-media-como-produzir-e-gerenciar\/\"},\"wordCount\":1188,\"publisher\":{\"@id\":\"https:\/\/ablab.com.br\/blog\/#organization\"},\"keywords\":[\"Social Media\"],\"articleSection\":[\"Social Media\"],\"inLanguage\":\"pt-BR\"},{\"@type\":\"WebPage\",\"@id\":\"https:\/\/ablab.com.br\/blog\/conteudo-para-social-media-como-produzir-e-gerenciar\/\",\"url\":\"https:\/\/ablab.com.br\/blog\/conteudo-para-social-media-como-produzir-e-gerenciar\/\",\"name\":\"Conte\u00fado para social media: como produzir e gerenciar? - a\/b lab\",\"isPartOf\":{\"@id\":\"https:\/\/ablab.com.br\/blog\/#website\"},\"datePublished\":\"2023-09-05T17:38:00+00:00\",\"dateModified\":\"2024-06-06T19:27:35+00:00\",\"breadcrumb\":{\"@id\":\"https:\/\/ablab.com.br\/blog\/conteudo-para-social-media-como-produzir-e-gerenciar\/#breadcrumb\"},\"inLanguage\":\"pt-BR\",\"potentialAction\":[{\"@type\":\"ReadAction\",\"target\":[\"https:\/\/ablab.com.br\/blog\/conteudo-para-social-media-como-produzir-e-gerenciar\/\"]}]},{\"@type\":\"BreadcrumbList\",\"@id\":\"https:\/\/ablab.com.br\/blog\/conteudo-para-social-media-como-produzir-e-gerenciar\/#breadcrumb\",\"itemListElement\":[{\"@type\":\"ListItem\",\"position\":1,\"name\":\"In\u00edcio\",\"item\":\"https:\/\/ablab.com.br\/blog\/\"},{\"@type\":\"ListItem\",\"position\":2,\"name\":\"Conte\u00fado para social media: como produzir e gerenciar?\"}]},{\"@type\":\"WebSite\",\"@id\":\"https:\/\/ablab.com.br\/blog\/#website\",\"url\":\"https:\/\/ablab.com.br\/blog\/\",\"name\":\"a\/b lab\",\"description\":\"a\/b lab \u2022 business driven \u2022 tech based \u2022 creative believers\",\"publisher\":{\"@id\":\"https:\/\/ablab.com.br\/blog\/#organization\"},\"potentialAction\":[{\"@type\":\"SearchAction\",\"target\":{\"@type\":\"EntryPoint\",\"urlTemplate\":\"https:\/\/ablab.com.br\/blog\/?s={search_term_string}\"},\"query-input\":\"required name=search_term_string\"}],\"inLanguage\":\"pt-BR\"},{\"@type\":\"Organization\",\"@id\":\"https:\/\/ablab.com.br\/blog\/#organization\",\"name\":\"a\/b lab\",\"alternateName\":\"ab lab\",\"url\":\"https:\/\/ablab.com.br\/blog\/\",\"logo\":{\"@type\":\"ImageObject\",\"inLanguage\":\"pt-BR\",\"@id\":\"https:\/\/ablab.com.br\/blog\/#\/schema\/logo\/image\/\",\"url\":\"https:\/\/ablab.com.br\/blog\/wp-content\/uploads\/avatar1_zap.png\",\"contentUrl\":\"https:\/\/ablab.com.br\/blog\/wp-content\/uploads\/avatar1_zap.png\",\"width\":240,\"height\":240,\"caption\":\"a\/b lab\"},\"image\":{\"@id\":\"https:\/\/ablab.com.br\/blog\/#\/schema\/logo\/image\/\"}},{\"@type\":\"Person\",\"@id\":\"https:\/\/ablab.com.br\/blog\/#\/schema\/person\/e7bb7e37f9b5842fc9d7d6391232cce6\",\"name\":\"admin-ablab\",\"sameAs\":[\"https:\/\/www.ablab.com.br\/\"],\"url\":\"https:\/\/ablab.com.br\/blog\/author\/admin-ablab\/\"}]}<\/script>\n<!-- \/ Yoast SEO plugin. -->","yoast_head_json":{"title":"Conte\u00fado para social media: como produzir e gerenciar? - a\/b lab","robots":{"index":"index","follow":"follow","max-snippet":"max-snippet:-1","max-image-preview":"max-image-preview:large","max-video-preview":"max-video-preview:-1"},"canonical":"https:\/\/ablab.com.br\/blog\/conteudo-para-social-media-como-produzir-e-gerenciar\/","og_locale":"pt_BR","og_type":"article","og_title":"Conte\u00fado para social media: como produzir e gerenciar? - a\/b lab","og_description":"Aprenda como criar conte\u00fado para social media, aumente a presen\u00e7a da sua marca na internet e eleve seu poder de venda. Veja como em 9 passos! Conte\u00fado para social media:... continue lendo \u00bb","og_url":"https:\/\/ablab.com.br\/blog\/conteudo-para-social-media-como-produzir-e-gerenciar\/","og_site_name":"a\/b lab","article_published_time":"2023-09-05T17:38:00+00:00","article_modified_time":"2024-06-06T19:27:35+00:00","og_image":[{"width":861,"height":160,"url":"https:\/\/ablab.com.br\/blog\/wp-content\/uploads\/ablab.png","type":"image\/png"}],"author":"admin-ablab","twitter_card":"summary_large_image","twitter_misc":{"Escrito por":"admin-ablab","Est. tempo de leitura":"7 minutos"},"schema":{"@context":"https:\/\/schema.org","@graph":[{"@type":"Article","@id":"https:\/\/ablab.com.br\/blog\/conteudo-para-social-media-como-produzir-e-gerenciar\/#article","isPartOf":{"@id":"https:\/\/ablab.com.br\/blog\/conteudo-para-social-media-como-produzir-e-gerenciar\/"},"author":{"name":"admin-ablab","@id":"https:\/\/ablab.com.br\/blog\/#\/schema\/person\/e7bb7e37f9b5842fc9d7d6391232cce6"},"headline":"Conte\u00fado para social media: como produzir e gerenciar?","datePublished":"2023-09-05T17:38:00+00:00","dateModified":"2024-06-06T19:27:35+00:00","mainEntityOfPage":{"@id":"https:\/\/ablab.com.br\/blog\/conteudo-para-social-media-como-produzir-e-gerenciar\/"},"wordCount":1188,"publisher":{"@id":"https:\/\/ablab.com.br\/blog\/#organization"},"keywords":["Social Media"],"articleSection":["Social Media"],"inLanguage":"pt-BR"},{"@type":"WebPage","@id":"https:\/\/ablab.com.br\/blog\/conteudo-para-social-media-como-produzir-e-gerenciar\/","url":"https:\/\/ablab.com.br\/blog\/conteudo-para-social-media-como-produzir-e-gerenciar\/","name":"Conte\u00fado para social media: como produzir e gerenciar? - a\/b lab","isPartOf":{"@id":"https:\/\/ablab.com.br\/blog\/#website"},"datePublished":"2023-09-05T17:38:00+00:00","dateModified":"2024-06-06T19:27:35+00:00","breadcrumb":{"@id":"https:\/\/ablab.com.br\/blog\/conteudo-para-social-media-como-produzir-e-gerenciar\/#breadcrumb"},"inLanguage":"pt-BR","potentialAction":[{"@type":"ReadAction","target":["https:\/\/ablab.com.br\/blog\/conteudo-para-social-media-como-produzir-e-gerenciar\/"]}]},{"@type":"BreadcrumbList","@id":"https:\/\/ablab.com.br\/blog\/conteudo-para-social-media-como-produzir-e-gerenciar\/#breadcrumb","itemListElement":[{"@type":"ListItem","position":1,"name":"In\u00edcio","item":"https:\/\/ablab.com.br\/blog\/"},{"@type":"ListItem","position":2,"name":"Conte\u00fado para social media: como produzir e gerenciar?"}]},{"@type":"WebSite","@id":"https:\/\/ablab.com.br\/blog\/#website","url":"https:\/\/ablab.com.br\/blog\/","name":"a\/b lab","description":"a\/b lab \u2022 business driven \u2022 tech based \u2022 creative believers","publisher":{"@id":"https:\/\/ablab.com.br\/blog\/#organization"},"potentialAction":[{"@type":"SearchAction","target":{"@type":"EntryPoint","urlTemplate":"https:\/\/ablab.com.br\/blog\/?s={search_term_string}"},"query-input":"required name=search_term_string"}],"inLanguage":"pt-BR"},{"@type":"Organization","@id":"https:\/\/ablab.com.br\/blog\/#organization","name":"a\/b lab","alternateName":"ab lab","url":"https:\/\/ablab.com.br\/blog\/","logo":{"@type":"ImageObject","inLanguage":"pt-BR","@id":"https:\/\/ablab.com.br\/blog\/#\/schema\/logo\/image\/","url":"https:\/\/ablab.com.br\/blog\/wp-content\/uploads\/avatar1_zap.png","contentUrl":"https:\/\/ablab.com.br\/blog\/wp-content\/uploads\/avatar1_zap.png","width":240,"height":240,"caption":"a\/b lab"},"image":{"@id":"https:\/\/ablab.com.br\/blog\/#\/schema\/logo\/image\/"}},{"@type":"Person","@id":"https:\/\/ablab.com.br\/blog\/#\/schema\/person\/e7bb7e37f9b5842fc9d7d6391232cce6","name":"admin-ablab","sameAs":["https:\/\/www.ablab.com.br\/"],"url":"https:\/\/ablab.com.br\/blog\/author\/admin-ablab\/"}]}},"_links":{"self":[{"href":"https:\/\/ablab.com.br\/blog\/wp-json\/wp\/v2\/posts\/294","targetHints":{"allow":["GET"]}}],"collection":[{"href":"https:\/\/ablab.com.br\/blog\/wp-json\/wp\/v2\/posts"}],"about":[{"href":"https:\/\/ablab.com.br\/blog\/wp-json\/wp\/v2\/types\/post"}],"author":[{"embeddable":true,"href":"https:\/\/ablab.com.br\/blog\/wp-json\/wp\/v2\/users\/1"}],"replies":[{"embeddable":true,"href":"https:\/\/ablab.com.br\/blog\/wp-json\/wp\/v2\/comments?post=294"}],"version-history":[{"count":1,"href":"https:\/\/ablab.com.br\/blog\/wp-json\/wp\/v2\/posts\/294\/revisions"}],"predecessor-version":[{"id":295,"href":"https:\/\/ablab.com.br\/blog\/wp-json\/wp\/v2\/posts\/294\/revisions\/295"}],"wp:attachment":[{"href":"https:\/\/ablab.com.br\/blog\/wp-json\/wp\/v2\/media?parent=294"}],"wp:term":[{"taxonomy":"category","embeddable":true,"href":"https:\/\/ablab.com.br\/blog\/wp-json\/wp\/v2\/categories?post=294"},{"taxonomy":"post_tag","embeddable":true,"href":"https:\/\/ablab.com.br\/blog\/wp-json\/wp\/v2\/tags?post=294"}],"curies":[{"name":"wp","href":"https:\/\/api.w.org\/{rel}","templated":true}]}}