{"id":274,"date":"2023-06-29T12:15:00","date_gmt":"2023-06-29T15:15:00","guid":{"rendered":"https:\/\/ablab.com.br\/blog\/?p=274"},"modified":"2024-06-17T14:39:02","modified_gmt":"2024-06-17T17:39:02","slug":"dicas-de-conteudo-para-redes-sociais-3-fases-do-funil-de-vendas","status":"publish","type":"post","link":"https:\/\/ablab.com.br\/blog\/dicas-de-conteudo-para-redes-sociais-3-fases-do-funil-de-vendas\/","title":{"rendered":"Dicas de conte\u00fado para redes sociais: 3 fases do funil de vendas"},"content":{"rendered":"\n<p>Conhe\u00e7a as dicas de conte\u00fado para redes sociais para cada etapa do funil de vendas: exemplos e dicas do que fazer para levar um usu\u00e1rio at\u00e9 a compra.<\/p>\n\n\n\n<h1 class=\"wp-block-heading\">Dicas de conte\u00fado para redes sociais: como converter clientes?<\/h1>\n\n\n\n<p>As redes sociais fazem parte do dia a dia de milh\u00f5es de brasileiros. Segundo um <a href=\"https:\/\/www.poder360.com.br\/brasil\/brasil-e-o-3o-pais-que-mais-usa-redes-sociais-no-mundo\/#:~:text=S%C3%A3o%20131.506%20milh%C3%B5es%20de%20contas,s%C3%A3o%20as%20plataformas%20mais%20acessadas&amp;text=Levantamento%20da%20Comscore%20mostra%20que,sociais%20(96%2C9%25).\" target=\"_blank\" rel=\"noreferrer noopener\"><strong>levantamento da Comscore<\/strong><\/a>, s\u00e3o 131.506 milh\u00f5es de contas ativas no Brasil. Com esses n\u00fameros, \u00e9 claro que as empresas n\u00e3o ficariam de fora. Entretanto, como interagir com clientes dentro desses canais e vencer a concorr\u00eancia? Para responder a essa pergunta criamos um guia de <strong>dicas de conte\u00fado para redes sociais<\/strong>.&nbsp;<\/p>\n\n\n\n<p>Afinal, \u00e9 por meio do conte\u00fado relevante que voc\u00ea gera valor e engajamento, desde as primeiras etapas da jornada de compra.&nbsp;&nbsp;<\/p>\n\n\n\n<p>Entretanto, em cada est\u00e1gio, o consumidor tem um<strong> conjunto de d\u00favidas e curiosidades<\/strong>, o que significa que<strong> <\/strong>em cada fase \u00e9 preciso criar conte\u00fados que atendam a essas demandas espec\u00edficas.&nbsp;<\/p>\n\n\n\n<p>Tamb\u00e9m \u00e9 essencial se lembrar que existem diferentes<strong> tipos de redes sociais <\/strong>e cada uma possui caracter\u00edsticas e formatos de conte\u00fados pr\u00f3prios. O ideal \u00e9 que voc\u00ea possa aproveitar tudo isso, ao m\u00e1ximo.<\/p>\n\n\n\n<p>Isso porque, ainda de <a href=\"https:\/\/forbes.com.br\/forbes-tech\/2023\/03\/brasil-e-o-terceiro-pais-que-mais-consome-redes-sociais-em-todo-o-mundo\/\" target=\"_blank\" rel=\"noreferrer noopener\"><strong>acordo com a Comscore<\/strong><\/a>,<strong> YouTube, Facebook e Instagram <\/strong>s\u00e3o as redes mais acessadas pelos usu\u00e1rios brasileiros, com alcance de<strong> 96,4%, 85,1% e 81,4%, <\/strong>respectivamente. Perceba que todos eles possuem percentuais altos de acesso, logo, \u00e9 interessante estar presente em todos.<\/p>\n\n\n\n<p>Mas n\u00e3o acaba por a\u00ed. Cada rede tem um grupo de formatos de conte\u00fado diferentes. No Instagram, por exemplo, voc\u00ea precisa considerar a produ\u00e7\u00e3o de materiais para:<\/p>\n\n\n\n<ul class=\"wp-block-list\">\n<li>publica\u00e7\u00f5es de imagem \u00fanica no feed;<\/li>\n\n\n\n<li>carrossel;<\/li>\n\n\n\n<li>Reels;<\/li>\n\n\n\n<li>stories;<\/li>\n\n\n\n<li>transmiss\u00e3o ao vivo;<\/li>\n\n\n\n<li>enquetes e mais.<\/li>\n<\/ul>\n\n\n\n<p>A boa not\u00edcia \u00e9 que todo esse esfor\u00e7o d\u00e1 retorno: segundo <a href=\"https:\/\/resultadosdigitais.com.br\/marketing\/estatisticas-redes-sociais\/\" target=\"_blank\" rel=\"noreferrer noopener\"><strong>pesquisa da RD Station<\/strong><\/a>, <strong>61,5%<\/strong> dos usu\u00e1rios de redes sociais no Brasil usam os canais para buscar mais informa\u00e7\u00f5es sobre marcas e produtos e <strong>71,6%<\/strong> afirmam que fazem uma pesquisa online antes de comprar um produto ou servi\u00e7o.<\/p>\n\n\n\n<p>Para aproveitar ao m\u00e1ximo esses n\u00fameros, acompanhe as dicas de conte\u00fado para as redes sociais.&nbsp;<\/p>\n\n\n\n<h2 class=\"wp-block-heading\">Dicas de conte\u00fado para redes sociais: o que fazer em cada etapa do funil de vendas?<\/h2>\n\n\n\n<p>A produ\u00e7\u00e3o de conte\u00fado deve estar alinhada a um planejamento que considere as diferentes etapas do funil de vendas.&nbsp;<\/p>\n\n\n\n<p>Afinal, nem todo consumidor em potencial est\u00e1 de fato pronto para comprar.&nbsp;<\/p>\n\n\n\n<p>Alguns est\u00e3o descobrindo que possuem um problema, outros est\u00e3o na fase de considera\u00e7\u00e3o de solu\u00e7\u00f5es e outros j\u00e1 est\u00e3o decidindo com qual empresa fazer neg\u00f3cio.&nbsp;<\/p>\n\n\n\n<p>Esse caminho, desde o aprendizado e descoberta de um problema at\u00e9 a decis\u00e3o de compra \u00e9 chamada jornada do cliente, e para acompanh\u00e1-la \u00e9 poss\u00edvel usar o funil, sobre o qual falamos mais em <strong>\u201c<a href=\"https:\/\/ablab.com.br\/blog\/2024\/06\/04\/o-que-e-funil-de-conteudo-4-fases-o-que-postar-e-exemplos\/\" target=\"_blank\" rel=\"noreferrer noopener\">O que \u00e9 funil de conte\u00fado, import\u00e2ncia e como criar? 4 etapas!<\/a>\u201d.\u00a0<\/strong><\/p>\n\n\n\n<p>Esse funil pode ser dividido tamb\u00e9m em 3 fases, sendo elas:<\/p>\n\n\n\n<ul class=\"wp-block-list\">\n<li>topo;<\/li>\n\n\n\n<li>meio;<\/li>\n\n\n\n<li>fundo.<\/li>\n<\/ul>\n\n\n\n<h3 class=\"wp-block-heading\">Conte\u00fado para topo do funil&nbsp;<\/h3>\n\n\n\n<p>Essa \u00e9 a primeira etapa do funil de vendas e aqui o cliente em potencial est\u00e1 apenas se conscientizando de que tem um problema. Ele n\u00e3o est\u00e1 pronto para comprar e n\u00e3o conhece as op\u00e7\u00f5es de solu\u00e7\u00e3o.&nbsp;<\/p>\n\n\n\n<p>Por exemplo, para uma empresa que vende um sistema de automa\u00e7\u00e3o de marketing, um cliente no topo do funil \u00e9 aquele que est\u00e1 sentindo uma queda nas vendas, mas est\u00e1 apenas pesquisando poss\u00edveis raz\u00f5es para esse resultado.&nbsp;<\/p>\n\n\n\n<p>Logo, a dica de conte\u00fado para redes sociais \u00e9 ajudar essa pessoa a entender que a falta de investimento em marketing ou o uso incorreto das a\u00e7\u00f5es do setor, podem ser a causa de uma queda na convers\u00e3o de clientes.&nbsp;<\/p>\n\n\n\n<p>Nesse sentido, voc\u00ea pode criar conte\u00fados que abordem temas sobre:<\/p>\n\n\n\n<ul class=\"wp-block-list\">\n<li>como aumentar o faturamento da empresa;<\/li>\n\n\n\n<li>como atrair mais clientes;&nbsp;<\/li>\n\n\n\n<li>como vencer a concorr\u00eancia e mais.<\/li>\n<\/ul>\n\n\n\n<p>O objetivo nessa fase \u00e9 <strong>atrair a aten\u00e7\u00e3o dos clientes <\/strong>com problemas que a sua oferta pode resolver. Para isso, algumas dicas de conte\u00fado para redes sociais incluem:<\/p>\n\n\n\n<ul class=\"wp-block-list\">\n<li>tutoriais;<\/li>\n\n\n\n<li>listas;<\/li>\n\n\n\n<li>dados e tend\u00eancias sobre o mercado;<\/li>\n\n\n\n<li>v\u00eddeos com especialistas e empreendedores;<\/li>\n\n\n\n<li>reels com insights sobre o assunto, etc.<\/li>\n<\/ul>\n\n\n\n<p>Voc\u00ea tamb\u00e9m pode compartilhar links que v\u00e3o levar o usu\u00e1rio para artigos do seu blog ou mesmo para landing pages com materiais mais ricos sobre o assunto, por exemplo, um e-book sobre como vender mais online. Assim voc\u00ea aproveita para gerar leads.<\/p>\n\n\n\n<h3 class=\"wp-block-heading\">Conte\u00fado para meio do funil&nbsp;<\/h3>\n\n\n\n<p>No meio do funil os clientes j\u00e1 entendem que possuem um problema, sabem qual \u00e9 e est\u00e3o ponderando sobre a melhor solu\u00e7\u00e3o.&nbsp;<\/p>\n\n\n\n<p>Usando o exemplo acima, do software de marketing, um cliente nesta etapa est\u00e1 considerando diferentes op\u00e7\u00f5es para resolver o problema. Entre elas est\u00e1 a possibilidade de contratar uma ferramenta.&nbsp;<\/p>\n\n\n\n<p>Entretanto, tamb\u00e9m existem outras possibilidades, por exemplo, fazer um treinamento com a equipe atual do setor, contratar mais um profissional, investir mais em an\u00fancios e por a\u00ed vai!<\/p>\n\n\n\n<p>O objetivo ent\u00e3o \u00e9 mostrar que a ferramenta de marketing, ou qualquer que seja o seu produto ou servi\u00e7o, \u00e9 a solu\u00e7\u00e3o mais adequada.&nbsp;<\/p>\n\n\n\n<p>Para isso, algumas dicas de conte\u00fado para redes sociais incluem:<\/p>\n\n\n\n<ul class=\"wp-block-list\">\n<li>cria\u00e7\u00e3o de v\u00eddeos de compara\u00e7\u00e3o de resultados;<\/li>\n\n\n\n<li>estudos de caso;<\/li>\n\n\n\n<li>depoimentos;<\/li>\n\n\n\n<li>demonstra\u00e7\u00f5es de produtos;<\/li>\n\n\n\n<li>transmiss\u00f5es ao vivo;<\/li>\n\n\n\n<li>resultados de pesquisas;<\/li>\n\n\n\n<li>listas de benef\u00edcios e mais.<\/li>\n<\/ul>\n\n\n\n<p>\u00c9 poss\u00edvel, por exemplo, criar um conte\u00fado para Facebook e Instagram com um carrossel em que cada imagem apresenta um benef\u00edcio ou um recurso do servi\u00e7o.<\/p>\n\n\n\n<h3 class=\"wp-block-heading\">Fundo do funil&nbsp;<\/h3>\n\n\n\n<p>Aqui as pessoas est\u00e3o prestes a tomar uma decis\u00e3o. Elas j\u00e1 sabem que tem um problema, j\u00e1 escolheram o tipo de solu\u00e7\u00e3o que v\u00e3o contratar e est\u00e3o analisando concorrentes.&nbsp;<\/p>\n\n\n\n<p>Nesse momento \u00e9 hora de falar de valores, criar conte\u00fados comerciais e promocionais e mostrar que voc\u00ea, que esteve com esse lead durante todo o caminho percorrido por ele, \u00e9 a melhor op\u00e7\u00e3o.&nbsp;<\/p>\n\n\n\n<p>Em suma, o conte\u00fado de fundo de funil deve considerar que os consumidores est\u00e3o prontos para tomar uma decis\u00e3o de compra, mas precisam de um empurr\u00e3ozinho.<\/p>\n\n\n\n<p>Depois de todo trabalho, voc\u00ea n\u00e3o quer morrer na praia, n\u00e3o \u00e9 mesmo?&nbsp;<\/p>\n\n\n\n<p>Entre as dicas de conte\u00fado para redes sociais para fundo de funil est\u00e3o:<\/p>\n\n\n\n<ul class=\"wp-block-list\">\n<li>destaque para ofertas especiais;<\/li>\n\n\n\n<li>avalia\u00e7\u00f5es de produtos (quando feito por v\u00eddeo \u00e9 uma \u00f3tima op\u00e7\u00e3o de conte\u00fado para Instagram e Tik Tok);<\/li>\n\n\n\n<li>demonstra\u00e7\u00f5es;<\/li>\n\n\n\n<li>depoimentos de clientes;<\/li>\n\n\n\n<li>diferenciais da sua empresa;<\/li>\n\n\n\n<li>estudos comparativos e mais.<\/li>\n<\/ul>\n\n\n\n<p>Lembre-se de incluir<strong> links e chamadas para a\u00e7\u00e3o (CTA)<\/strong> para direcionar os usu\u00e1rios das redes sociais para seu site, landing page ou mesmo para entrar em contato com a empresa por telefone ou WhatsApp.<\/p>\n\n\n\n<p>Essa etapa \u00e9 essencial para direcionar o usu\u00e1rio \u00e0 a\u00e7\u00e3o que voc\u00ea espera que ele realize.<\/p>\n\n\n\n<p>Com essas dicas de conte\u00fado para redes sociais voc\u00ea tem um bom guia para tornar seu trabalho mais estrat\u00e9gico, considerando todas as etapas do funil de vendas.&nbsp;<\/p>\n\n\n\n<p>A <a href=\"https:\/\/ablab.com.br\/\" target=\"_blank\" rel=\"noreferrer noopener\"><strong>a\/b lab<\/strong><\/a> est\u00e1 aqui para te ajudar e nossos especialistas te esperam para levar seus resultados de marketing a outro n\u00edvel, alcan\u00e7ando o alto desempenho. Entre em contato com nossa equipe e entenda o que podemos fazer por voc\u00ea.&nbsp;<\/p>\n","protected":false},"excerpt":{"rendered":"<p>Conhe\u00e7a as dicas de conte\u00fado para redes sociais para cada etapa do funil de vendas: exemplos e dicas do que fazer para levar um usu\u00e1rio at\u00e9 a compra. Dicas de&#8230; <a class=\"more-link\" href=\"https:\/\/ablab.com.br\/blog\/dicas-de-conteudo-para-redes-sociais-3-fases-do-funil-de-vendas\/\">continue lendo  \u00bb<\/a><\/p>\n","protected":false},"author":1,"featured_media":0,"comment_status":"closed","ping_status":"closed","sticky":false,"template":"","format":"standard","meta":{"_sb_is_suggestion_mode":false,"_sb_show_suggestion_boards":false,"_sb_show_comment_boards":false,"_sb_suggestion_history":"","_sb_update_block_changes":"","footnotes":""},"categories":[31],"tags":[30],"class_list":["post-274","post","type-post","status-publish","format-standard","hentry","category-social-media","tag-importancia-sac-2-0"],"yoast_head":"<!-- This site is optimized with the Yoast SEO plugin v22.8 - https:\/\/yoast.com\/wordpress\/plugins\/seo\/ -->\n<title>Dicas de conte\u00fado para redes sociais: 3 fases do funil de vendas - a\/b lab<\/title>\n<meta name=\"robots\" content=\"index, follow, max-snippet:-1, max-image-preview:large, max-video-preview:-1\" \/>\n<link rel=\"canonical\" href=\"https:\/\/ablab.com.br\/blog\/dicas-de-conteudo-para-redes-sociais-3-fases-do-funil-de-vendas\/\" \/>\n<meta property=\"og:locale\" content=\"pt_BR\" \/>\n<meta property=\"og:type\" content=\"article\" \/>\n<meta property=\"og:title\" content=\"Dicas de conte\u00fado para redes sociais: 3 fases do funil de vendas - a\/b lab\" \/>\n<meta property=\"og:description\" content=\"Conhe\u00e7a as dicas de conte\u00fado para redes sociais para cada etapa do funil de vendas: exemplos e dicas do que fazer para levar um usu\u00e1rio at\u00e9 a compra. Dicas de... continue lendo \u00bb\" \/>\n<meta property=\"og:url\" content=\"https:\/\/ablab.com.br\/blog\/dicas-de-conteudo-para-redes-sociais-3-fases-do-funil-de-vendas\/\" \/>\n<meta property=\"og:site_name\" content=\"a\/b lab\" \/>\n<meta property=\"article:published_time\" content=\"2023-06-29T15:15:00+00:00\" \/>\n<meta property=\"article:modified_time\" content=\"2024-06-17T17:39:02+00:00\" \/>\n<meta property=\"og:image\" content=\"https:\/\/ablab.com.br\/blog\/wp-content\/uploads\/ablab.png\" \/>\n\t<meta property=\"og:image:width\" content=\"861\" \/>\n\t<meta property=\"og:image:height\" content=\"160\" \/>\n\t<meta property=\"og:image:type\" content=\"image\/png\" \/>\n<meta name=\"author\" content=\"admin-ablab\" \/>\n<meta name=\"twitter:card\" content=\"summary_large_image\" \/>\n<meta name=\"twitter:label1\" content=\"Escrito por\" \/>\n\t<meta name=\"twitter:data1\" content=\"admin-ablab\" \/>\n\t<meta name=\"twitter:label2\" content=\"Est. tempo de leitura\" \/>\n\t<meta name=\"twitter:data2\" content=\"7 minutos\" \/>\n<script type=\"application\/ld+json\" class=\"yoast-schema-graph\">{\"@context\":\"https:\/\/schema.org\",\"@graph\":[{\"@type\":\"Article\",\"@id\":\"https:\/\/ablab.com.br\/blog\/dicas-de-conteudo-para-redes-sociais-3-fases-do-funil-de-vendas\/#article\",\"isPartOf\":{\"@id\":\"https:\/\/ablab.com.br\/blog\/dicas-de-conteudo-para-redes-sociais-3-fases-do-funil-de-vendas\/\"},\"author\":{\"name\":\"admin-ablab\",\"@id\":\"https:\/\/ablab.com.br\/blog\/#\/schema\/person\/e7bb7e37f9b5842fc9d7d6391232cce6\"},\"headline\":\"Dicas de conte\u00fado para redes sociais: 3 fases do funil de vendas\",\"datePublished\":\"2023-06-29T15:15:00+00:00\",\"dateModified\":\"2024-06-17T17:39:02+00:00\",\"mainEntityOfPage\":{\"@id\":\"https:\/\/ablab.com.br\/blog\/dicas-de-conteudo-para-redes-sociais-3-fases-do-funil-de-vendas\/\"},\"wordCount\":1263,\"publisher\":{\"@id\":\"https:\/\/ablab.com.br\/blog\/#organization\"},\"keywords\":[\"Social Media\"],\"articleSection\":[\"Social Media\"],\"inLanguage\":\"pt-BR\"},{\"@type\":\"WebPage\",\"@id\":\"https:\/\/ablab.com.br\/blog\/dicas-de-conteudo-para-redes-sociais-3-fases-do-funil-de-vendas\/\",\"url\":\"https:\/\/ablab.com.br\/blog\/dicas-de-conteudo-para-redes-sociais-3-fases-do-funil-de-vendas\/\",\"name\":\"Dicas de conte\u00fado para redes sociais: 3 fases do funil de vendas - a\/b lab\",\"isPartOf\":{\"@id\":\"https:\/\/ablab.com.br\/blog\/#website\"},\"datePublished\":\"2023-06-29T15:15:00+00:00\",\"dateModified\":\"2024-06-17T17:39:02+00:00\",\"breadcrumb\":{\"@id\":\"https:\/\/ablab.com.br\/blog\/dicas-de-conteudo-para-redes-sociais-3-fases-do-funil-de-vendas\/#breadcrumb\"},\"inLanguage\":\"pt-BR\",\"potentialAction\":[{\"@type\":\"ReadAction\",\"target\":[\"https:\/\/ablab.com.br\/blog\/dicas-de-conteudo-para-redes-sociais-3-fases-do-funil-de-vendas\/\"]}]},{\"@type\":\"BreadcrumbList\",\"@id\":\"https:\/\/ablab.com.br\/blog\/dicas-de-conteudo-para-redes-sociais-3-fases-do-funil-de-vendas\/#breadcrumb\",\"itemListElement\":[{\"@type\":\"ListItem\",\"position\":1,\"name\":\"In\u00edcio\",\"item\":\"https:\/\/ablab.com.br\/blog\/\"},{\"@type\":\"ListItem\",\"position\":2,\"name\":\"Dicas de conte\u00fado para redes sociais: 3 fases do funil de vendas\"}]},{\"@type\":\"WebSite\",\"@id\":\"https:\/\/ablab.com.br\/blog\/#website\",\"url\":\"https:\/\/ablab.com.br\/blog\/\",\"name\":\"a\/b lab\",\"description\":\"a\/b lab \u2022 business driven \u2022 tech based \u2022 creative believers\",\"publisher\":{\"@id\":\"https:\/\/ablab.com.br\/blog\/#organization\"},\"potentialAction\":[{\"@type\":\"SearchAction\",\"target\":{\"@type\":\"EntryPoint\",\"urlTemplate\":\"https:\/\/ablab.com.br\/blog\/?s={search_term_string}\"},\"query-input\":\"required name=search_term_string\"}],\"inLanguage\":\"pt-BR\"},{\"@type\":\"Organization\",\"@id\":\"https:\/\/ablab.com.br\/blog\/#organization\",\"name\":\"a\/b lab\",\"alternateName\":\"ab lab\",\"url\":\"https:\/\/ablab.com.br\/blog\/\",\"logo\":{\"@type\":\"ImageObject\",\"inLanguage\":\"pt-BR\",\"@id\":\"https:\/\/ablab.com.br\/blog\/#\/schema\/logo\/image\/\",\"url\":\"https:\/\/ablab.com.br\/blog\/wp-content\/uploads\/avatar1_zap.png\",\"contentUrl\":\"https:\/\/ablab.com.br\/blog\/wp-content\/uploads\/avatar1_zap.png\",\"width\":240,\"height\":240,\"caption\":\"a\/b lab\"},\"image\":{\"@id\":\"https:\/\/ablab.com.br\/blog\/#\/schema\/logo\/image\/\"}},{\"@type\":\"Person\",\"@id\":\"https:\/\/ablab.com.br\/blog\/#\/schema\/person\/e7bb7e37f9b5842fc9d7d6391232cce6\",\"name\":\"admin-ablab\",\"sameAs\":[\"https:\/\/www.ablab.com.br\/\"],\"url\":\"https:\/\/ablab.com.br\/blog\/author\/admin-ablab\/\"}]}<\/script>\n<!-- \/ Yoast SEO plugin. -->","yoast_head_json":{"title":"Dicas de conte\u00fado para redes sociais: 3 fases do funil de vendas - a\/b lab","robots":{"index":"index","follow":"follow","max-snippet":"max-snippet:-1","max-image-preview":"max-image-preview:large","max-video-preview":"max-video-preview:-1"},"canonical":"https:\/\/ablab.com.br\/blog\/dicas-de-conteudo-para-redes-sociais-3-fases-do-funil-de-vendas\/","og_locale":"pt_BR","og_type":"article","og_title":"Dicas de conte\u00fado para redes sociais: 3 fases do funil de vendas - a\/b lab","og_description":"Conhe\u00e7a as dicas de conte\u00fado para redes sociais para cada etapa do funil de vendas: exemplos e dicas do que fazer para levar um usu\u00e1rio at\u00e9 a compra. Dicas de... continue lendo \u00bb","og_url":"https:\/\/ablab.com.br\/blog\/dicas-de-conteudo-para-redes-sociais-3-fases-do-funil-de-vendas\/","og_site_name":"a\/b lab","article_published_time":"2023-06-29T15:15:00+00:00","article_modified_time":"2024-06-17T17:39:02+00:00","og_image":[{"width":861,"height":160,"url":"https:\/\/ablab.com.br\/blog\/wp-content\/uploads\/ablab.png","type":"image\/png"}],"author":"admin-ablab","twitter_card":"summary_large_image","twitter_misc":{"Escrito por":"admin-ablab","Est. tempo de leitura":"7 minutos"},"schema":{"@context":"https:\/\/schema.org","@graph":[{"@type":"Article","@id":"https:\/\/ablab.com.br\/blog\/dicas-de-conteudo-para-redes-sociais-3-fases-do-funil-de-vendas\/#article","isPartOf":{"@id":"https:\/\/ablab.com.br\/blog\/dicas-de-conteudo-para-redes-sociais-3-fases-do-funil-de-vendas\/"},"author":{"name":"admin-ablab","@id":"https:\/\/ablab.com.br\/blog\/#\/schema\/person\/e7bb7e37f9b5842fc9d7d6391232cce6"},"headline":"Dicas de conte\u00fado para redes sociais: 3 fases do funil de vendas","datePublished":"2023-06-29T15:15:00+00:00","dateModified":"2024-06-17T17:39:02+00:00","mainEntityOfPage":{"@id":"https:\/\/ablab.com.br\/blog\/dicas-de-conteudo-para-redes-sociais-3-fases-do-funil-de-vendas\/"},"wordCount":1263,"publisher":{"@id":"https:\/\/ablab.com.br\/blog\/#organization"},"keywords":["Social Media"],"articleSection":["Social Media"],"inLanguage":"pt-BR"},{"@type":"WebPage","@id":"https:\/\/ablab.com.br\/blog\/dicas-de-conteudo-para-redes-sociais-3-fases-do-funil-de-vendas\/","url":"https:\/\/ablab.com.br\/blog\/dicas-de-conteudo-para-redes-sociais-3-fases-do-funil-de-vendas\/","name":"Dicas de conte\u00fado para redes sociais: 3 fases do funil de vendas - a\/b lab","isPartOf":{"@id":"https:\/\/ablab.com.br\/blog\/#website"},"datePublished":"2023-06-29T15:15:00+00:00","dateModified":"2024-06-17T17:39:02+00:00","breadcrumb":{"@id":"https:\/\/ablab.com.br\/blog\/dicas-de-conteudo-para-redes-sociais-3-fases-do-funil-de-vendas\/#breadcrumb"},"inLanguage":"pt-BR","potentialAction":[{"@type":"ReadAction","target":["https:\/\/ablab.com.br\/blog\/dicas-de-conteudo-para-redes-sociais-3-fases-do-funil-de-vendas\/"]}]},{"@type":"BreadcrumbList","@id":"https:\/\/ablab.com.br\/blog\/dicas-de-conteudo-para-redes-sociais-3-fases-do-funil-de-vendas\/#breadcrumb","itemListElement":[{"@type":"ListItem","position":1,"name":"In\u00edcio","item":"https:\/\/ablab.com.br\/blog\/"},{"@type":"ListItem","position":2,"name":"Dicas de conte\u00fado para redes sociais: 3 fases do funil de vendas"}]},{"@type":"WebSite","@id":"https:\/\/ablab.com.br\/blog\/#website","url":"https:\/\/ablab.com.br\/blog\/","name":"a\/b lab","description":"a\/b lab \u2022 business driven \u2022 tech based \u2022 creative believers","publisher":{"@id":"https:\/\/ablab.com.br\/blog\/#organization"},"potentialAction":[{"@type":"SearchAction","target":{"@type":"EntryPoint","urlTemplate":"https:\/\/ablab.com.br\/blog\/?s={search_term_string}"},"query-input":"required name=search_term_string"}],"inLanguage":"pt-BR"},{"@type":"Organization","@id":"https:\/\/ablab.com.br\/blog\/#organization","name":"a\/b lab","alternateName":"ab lab","url":"https:\/\/ablab.com.br\/blog\/","logo":{"@type":"ImageObject","inLanguage":"pt-BR","@id":"https:\/\/ablab.com.br\/blog\/#\/schema\/logo\/image\/","url":"https:\/\/ablab.com.br\/blog\/wp-content\/uploads\/avatar1_zap.png","contentUrl":"https:\/\/ablab.com.br\/blog\/wp-content\/uploads\/avatar1_zap.png","width":240,"height":240,"caption":"a\/b lab"},"image":{"@id":"https:\/\/ablab.com.br\/blog\/#\/schema\/logo\/image\/"}},{"@type":"Person","@id":"https:\/\/ablab.com.br\/blog\/#\/schema\/person\/e7bb7e37f9b5842fc9d7d6391232cce6","name":"admin-ablab","sameAs":["https:\/\/www.ablab.com.br\/"],"url":"https:\/\/ablab.com.br\/blog\/author\/admin-ablab\/"}]}},"_links":{"self":[{"href":"https:\/\/ablab.com.br\/blog\/wp-json\/wp\/v2\/posts\/274","targetHints":{"allow":["GET"]}}],"collection":[{"href":"https:\/\/ablab.com.br\/blog\/wp-json\/wp\/v2\/posts"}],"about":[{"href":"https:\/\/ablab.com.br\/blog\/wp-json\/wp\/v2\/types\/post"}],"author":[{"embeddable":true,"href":"https:\/\/ablab.com.br\/blog\/wp-json\/wp\/v2\/users\/1"}],"replies":[{"embeddable":true,"href":"https:\/\/ablab.com.br\/blog\/wp-json\/wp\/v2\/comments?post=274"}],"version-history":[{"count":2,"href":"https:\/\/ablab.com.br\/blog\/wp-json\/wp\/v2\/posts\/274\/revisions"}],"predecessor-version":[{"id":499,"href":"https:\/\/ablab.com.br\/blog\/wp-json\/wp\/v2\/posts\/274\/revisions\/499"}],"wp:attachment":[{"href":"https:\/\/ablab.com.br\/blog\/wp-json\/wp\/v2\/media?parent=274"}],"wp:term":[{"taxonomy":"category","embeddable":true,"href":"https:\/\/ablab.com.br\/blog\/wp-json\/wp\/v2\/categories?post=274"},{"taxonomy":"post_tag","embeddable":true,"href":"https:\/\/ablab.com.br\/blog\/wp-json\/wp\/v2\/tags?post=274"}],"curies":[{"name":"wp","href":"https:\/\/api.w.org\/{rel}","templated":true}]}}