{"id":264,"date":"2023-06-21T11:48:00","date_gmt":"2023-06-21T14:48:00","guid":{"rendered":"https:\/\/ablab.com.br\/blog\/?p=264"},"modified":"2024-06-17T14:38:04","modified_gmt":"2024-06-17T17:38:04","slug":"como-criar-um-instagram-profissional-5-dicas-de-conteudo","status":"publish","type":"post","link":"https:\/\/ablab.com.br\/blog\/como-criar-um-instagram-profissional-5-dicas-de-conteudo\/","title":{"rendered":"Como criar um Instagram profissional? + 5 dicas de conte\u00fado"},"content":{"rendered":"\n<p>Aprenda como criar um Instagram profissional, estrat\u00e9gias para crescer o perfil e dicas de conte\u00fado para divulgar sua marca na rede social.<\/p>\n\n\n\n<p><span id=\"docs-internal-guid-9999a0e0-7fff-5c8f-10b9-3a7f4f348684\"><\/span><\/p>\n\n\n\n<h1 class=\"wp-block-heading\">Como criar um Instagram profissional? 5 dicas<\/h1>\n\n\n\n<figure class=\"wp-block-image\"><img decoding=\"async\" src=\"https:\/\/lh7-us.googleusercontent.com\/docsz\/AD_4nXf4YQ-xBjvSY1FJ0Rx5SSYjJu0E7NU4iLv9jywV8CM1H9ZHcktO9e5WheOIMuTFF5oVij4HgAdUMtxvfiZRt2O5ZgJniCqh1rIkLrTIrZNntRzOMINhfULG88Rg4hFFcH7qecG3wcMw2TkWhNQfNiQ9zjY?key=TPLuDzhxm1Zd_5Pw3HK20Q\" alt=\"\"\/><\/figure>\n\n\n\n<p>A rede social mais lembrada pelos usu\u00e1rios no Brasil \u00e9 uma ferramenta essencial para a presen\u00e7a digital de empresas na internet, concorda? Por\u00e9m, para aproveit\u00e1-la ao m\u00e1ximo, voc\u00ea precisa aprender <strong>como criar um Instagram profissional<\/strong>.<\/p>\n\n\n\n<p>A rede do grupo Meta foi citada por <strong>56,4%<\/strong> dos entrevistados na <a href=\"https:\/\/lp.conversion.com.br\/hubfs\/Conversion_Relatorio_Top_of_Mind.pdf?_ga=2.143674677.1265735609.1683140355-431468511.1683140354\">pesquisa Top Of Mind<\/a> da ag\u00eancia Conversion, na categoria Redes Sociais, seguida por suas marcas irm\u00e3s, Facebook (30,8%) e WhatsApp (4,4%).<\/p>\n\n\n\n<p>Outro fator que refor\u00e7a a vantagem de crescer no Instagram \u00e9 o n\u00famero de usu\u00e1rios. A plataforma alcan\u00e7ou <a href=\"https:\/\/datareportal.com\/reports\/digital-2023-brazil\"><strong>113,5 milh\u00f5es de usu\u00e1rios<\/strong><\/a> no Brasil no in\u00edcio de 2023 e os an\u00fancios veiculados tiveram alcance equivalente a <strong>52,6%<\/strong> da popula\u00e7\u00e3o total nesse per\u00edodo.<\/p>\n\n\n\n<p>Ent\u00e3o, construir um posicionamento s\u00f3lido na rede, divulgando conte\u00fado de qualidade e mostrando o valor que seu servi\u00e7o ou produto agrega, contribui para alcan\u00e7ar seus objetivos de marketing.<\/p>\n\n\n\n<p>Se voc\u00ea tem d\u00favidas de como direcionar sua presen\u00e7a digital dentro do Instagram, continue a leitura do artigo e aprenda algumas dicas para ter um perfil forte na rede.<\/p>\n\n\n\n<h2 class=\"wp-block-heading\">Passo a passo: como criar um Instagram profissional<\/h2>\n\n\n\n<p>Para criar um Instagram profissional, primeiro, voc\u00ea faz um perfil de usu\u00e1rio normal na rede social. Baixe o aplicativo e siga os passos para a cria\u00e7\u00e3o de uma nova conta. Uma dica \u00e9 usar um e-mail profissional no cadastro e escolher um nome de usu\u00e1rio claro, de prefer\u00eancia, o nome da empresa.<\/p>\n\n\n\n<p>Com o perfil criado, adicione uma foto ao perfil, uma descri\u00e7\u00e3o objetiva do neg\u00f3cio e um link para o site ou canal de contato principal da empresa.&nbsp;<\/p>\n\n\n\n<p>Feito isso, a pr\u00f3xima etapa \u00e9 <strong>mudar o perfil para uma conta profissional<\/strong>. Confira o passo a passo:<\/p>\n\n\n\n<ol class=\"wp-block-list\">\n<li>Acesse o menu Configura\u00e7\u00f5es, clique em Configura\u00e7\u00f5es e privacidade, depois, no submenu \u2018Para profissionais\u2019 em \u2018Tipo e ferramenta da conta&#8217; e, por fim, clique em \u2018Mudar para conta profissional\u2019.<\/li>\n\n\n\n<li>Escolha a categoria que melhor representa a sua empresa e a selecione.<\/li>\n\n\n\n<li>Pronto! Voc\u00ea acabou de transformar sua conta em um Instagram profissional.<\/li>\n<\/ol>\n\n\n\n<p>Essa mudan\u00e7a na configura\u00e7\u00e3o permite que voc\u00ea tenha acesso a todas as <strong>m\u00e9tricas importantes<\/strong> para analisar o crescimento da p\u00e1gina, como cliques, visualiza\u00e7\u00f5es, alcance, perfil dos seguidores por idade, g\u00eanero, regi\u00e3o e muito mais.<\/p>\n\n\n\n<h2 class=\"wp-block-heading\">Como crescer no Instagram?<\/h2>\n\n\n\n<p>Para crescer no Instagram \u00e9 essencial ter uma estrat\u00e9gia de <strong><a href=\"https:\/\/ablab.com.br\/blog\/2024\/06\/04\/o-que-e-conteudo-digital-como-criar-e-lista-com-5-5-tipos\/\" target=\"_blank\" rel=\"noreferrer noopener\">conte\u00fado digital<\/a><\/strong> consistente, que trabalhe temas relevantes para o p\u00fablico, al\u00e9m de um or\u00e7amento para investir em an\u00fancios de a\u00e7\u00f5es-chave para os objetivos da sua empresa.<\/p>\n\n\n\n<p>Confira o que voc\u00ea deve fazer para ter sucesso com a cria\u00e7\u00e3o de conte\u00fado na plataforma:&nbsp;<\/p>\n\n\n\n<h3 class=\"wp-block-heading\">1. Crie conte\u00fado original<\/h3>\n\n\n\n<p>Para aumentar o potencial de alcance dos seus posts na rede, foque na <strong>cria\u00e7\u00e3o de conte\u00fado original<\/strong> para sua marca.&nbsp;<\/p>\n\n\n\n<p>Ao <strong><a href=\"https:\/\/ablab.com.br\/blog\/2023\/06\/05\/como-planejar-o-marketing-de-conteudo-top-9-dicas\/\" target=\"_blank\" rel=\"noreferrer noopener\">planejar o marketing de conte\u00fado<\/a><\/strong>, pense nos temas que se relacionam com a marca e que comunicam melhor seu prop\u00f3sito. Uma boa pesquisa de palavras-chave ajuda a direcionar as principais categorias para trabalhar.<\/p>\n\n\n\n<h4 class=\"wp-block-heading\">Formato de conte\u00fado<\/h4>\n\n\n\n<p>H\u00e1 algum tempo o Instagram n\u00e3o \u00e9 mais uma rede apenas de fotos. Por isso, aproveite todos os <strong>formatos de conte\u00fado<\/strong> dispon\u00edveis \u2014 Reels, v\u00eddeo ao vivo, stories e carross\u00e9is.&nbsp;<\/p>\n\n\n\n<p>Foque em v\u00eddeos r\u00e1pidos e aut\u00eanticos, com uma boa edi\u00e7\u00e3o. Outra ideia \u00e9 misturar fotos e v\u00eddeos nos carross\u00e9is para criar uma conex\u00e3o entre cada parte, montando uma hist\u00f3ria. Sua criatividade \u00e9 que manda!<\/p>\n\n\n\n<h4 class=\"wp-block-heading\">Legendas<\/h4>\n\n\n\n<p>A <strong>legenda<\/strong> apresenta o conte\u00fado. Apesar de muita gente n\u00e3o ler e focar exclusivamente no corpo da mensagem, n\u00e3o pule essa parte. A dica \u00e9 ser objetivo e come\u00e7ar o texto passando as informa\u00e7\u00f5es mais importantes primeiro.&nbsp;<\/p>\n\n\n\n<p>Frases curtas e diretas facilitam a compreens\u00e3o e favorecem a leitura r\u00e1pida (lembre-se que a maioria das pessoas acessa o Instagram pelo celular). Defina o <a href=\"https:\/\/pt.semrush.com\/blog\/tom-de-voz\/\" target=\"_blank\" rel=\"noreferrer noopener\"><strong>tom de voz da marca<\/strong><\/a> e escreva dirigindo-se diretamente aos usu\u00e1rios, criando chamadas para a\u00e7\u00e3o simples e diretas.<\/p>\n\n\n\n<h4 class=\"wp-block-heading\">Hashtag \u00fateis<\/h4>\n\n\n\n<p>O objetivo das <strong>hashtags<\/strong> dentro do Instagram \u00e9 agrupar conte\u00fados sobre o mesmo tema, facilitando a pesquisa dos usu\u00e1rios e permitindo que eles sigam as tags de interesse e acompanhem as publica\u00e7\u00f5es.<\/p>\n\n\n\n<p>Para aproveitar esse potencial, pesquise as melhores op\u00e7\u00f5es de hashtag para cada publica\u00e7\u00e3o. Al\u00e9m disso, marque o local da sua empresa na postagem para que os usu\u00e1rios a localizem facilmente.&nbsp;<\/p>\n\n\n\n<p>Os perfis profissionais podem criar uma loja no perfil com categorias de produtos e adicionar tags nas publica\u00e7\u00f5es para destacar que um item ou servi\u00e7o pode ser adquirido online.&nbsp;<\/p>\n\n\n\n<h3 class=\"wp-block-heading\">2. Invista em parcerias<\/h3>\n\n\n\n<p>A <strong>colabora\u00e7\u00e3o<\/strong> \u00e9 o melhor caminho para crescer e divulgar um Instagram para neg\u00f3cios. Pesquise empresas e profissionais atuando em nichos complementares ao seu, como consultores, por exemplo.&nbsp;<\/p>\n\n\n\n<p>Outra estrat\u00e9gia em alta \u00e9 o marketing de influ\u00eancia. Pesquise influenciadores locais que investem na cria\u00e7\u00e3o de conte\u00fado qualificado e profissional e proponha a\u00e7\u00f5es conjuntas.<\/p>\n\n\n\n<h3 class=\"wp-block-heading\">3. Use as op\u00e7\u00f5es de an\u00fancio estrategicamente<\/h3>\n\n\n\n<p>O Instagram tamb\u00e9m d\u00e1 a op\u00e7\u00e3o de \u201cturbinar publica\u00e7\u00f5es\u201d, ou seja, de <strong>criar an\u00fancios<\/strong> a partir das publica\u00e7\u00f5es do perfil.&nbsp;<\/p>\n\n\n\n<p>O principal para que essa estrat\u00e9gia resulte em crescimento \u00e9 que as postagens promovidas sejam bem constru\u00eddas com imagens atrativas e textos bem escritos. Definir um or\u00e7amento mensal tamb\u00e9m ajuda a manter a frequ\u00eancia de investimentos.<\/p>\n\n\n\n<h2 class=\"wp-block-heading\">Como divulgar o Instagram: 5 dicas de conte\u00fado<\/h2>\n\n\n\n<p>Nas redes sociais, o conte\u00fado \u00e9 o principal fator de engajamento e para acertar precisamente o seu p\u00fablico-alvo, siga as seguintes dicas para divulgar o seu perfil:<\/p>\n\n\n\n<ol class=\"wp-block-list\">\n<li><strong>Conte hist\u00f3rias<\/strong>: as pessoas gostam de ouvir outras falando, conte como come\u00e7ou sua jornada empreendedora ou a hist\u00f3ria do produto que est\u00e1 lan\u00e7ando.&nbsp;<\/li>\n\n\n\n<li><strong>D\u00ea contexto \u00e0s publica\u00e7\u00f5es<\/strong>: sempre escreva uma legenda para as postagens e o mesmo vale para stories e Reels que podem ser acompanhados de frases curtas. Ex: vitrine do dia.<\/li>\n\n\n\n<li><strong>Monte tutoriais<\/strong>: o \u2018como fazer\u2019 e \u2018como usar\u2019 s\u00e3o o pontap\u00e9 de muitas buscas na internet. D\u00ea instru\u00e7\u00f5es passo a passo para o p\u00fablico sobre os usos do seu produto ou servi\u00e7o.<\/li>\n\n\n\n<li><strong>Crie expectativa<\/strong>: preparou uma a\u00e7\u00e3o especial? Fa\u00e7a uma contagem regressiva ou anuncie que em 24 horas trar\u00e1 novidades no perfil. \u00c9 uma estrat\u00e9gia simples, mas certeira!<\/li>\n\n\n\n<li><strong>Organize as ideias em um calend\u00e1rio<\/strong>: defina o tipo, formato e tema do conte\u00fado para cada dia. Assim, voc\u00ea tem tempo de cri\u00e1-los com calma e seguir o planejamento.<\/li>\n<\/ol>\n\n\n\n<p><strong>Leia tamb\u00e9m<\/strong>: <strong><a href=\"https:\/\/ablab.com.br\/blog\/2023\/06\/05\/como-planejar-o-marketing-de-conteudo-top-9-dicas\/\" target=\"_blank\" rel=\"noreferrer noopener\">Como planejar o marketing de conte\u00fado? TOP 9 dicas!\u00a0<\/a><\/strong><\/p>\n\n\n\n<h2 class=\"wp-block-heading\">Invista na sua estrat\u00e9gia digital<\/h2>\n\n\n\n<p>Al\u00e9m de criar um Instagram profissional, voc\u00ea pode expandir sua estrat\u00e9gia digital para outras redes, como Facebook e TikTok. O segredo do sucesso \u00e9 integr\u00e1-las, criando um plano com objetivos de crescimento alcan\u00e7\u00e1veis.<\/p>\n\n\n\n<p>O time de especialista da <a href=\"https:\/\/ablab.com.br\/\" target=\"_blank\" rel=\"noreferrer noopener\"><strong>a\/b lab<\/strong><\/a> est\u00e1 preparado para analisar e propor as melhores solu\u00e7\u00f5es para que sua empresa alcance os resultados que deseja na internet.<\/p>\n\n\n\n<p><a href=\"https:\/\/ablab.com.br\/\" target=\"_blank\" rel=\"noreferrer noopener\"><strong>Envie uma mensagem pelo nosso site<\/strong><\/a> e nossa equipe de vendas entrar\u00e1 em contato com voc\u00ea!<\/p>\n\n\n\n<p><span id=\"docs-internal-guid-9999a0e0-7fff-5c8f-10b9-3a7f4f348684\"><\/span><\/p>\n","protected":false},"excerpt":{"rendered":"<p>Aprenda como criar um Instagram profissional, estrat\u00e9gias para crescer o perfil e dicas de conte\u00fado para divulgar sua marca na rede social. Como criar um Instagram profissional? 5 dicas A&#8230; <a class=\"more-link\" href=\"https:\/\/ablab.com.br\/blog\/como-criar-um-instagram-profissional-5-dicas-de-conteudo\/\">continue lendo  \u00bb<\/a><\/p>\n","protected":false},"author":1,"featured_media":0,"comment_status":"closed","ping_status":"closed","sticky":false,"template":"","format":"standard","meta":{"_sb_is_suggestion_mode":false,"_sb_show_suggestion_boards":false,"_sb_show_comment_boards":false,"_sb_suggestion_history":"","_sb_update_block_changes":"","footnotes":""},"categories":[31],"tags":[30],"class_list":["post-264","post","type-post","status-publish","format-standard","hentry","category-social-media","tag-importancia-sac-2-0"],"yoast_head":"<!-- This site is optimized with the Yoast SEO plugin v22.8 - https:\/\/yoast.com\/wordpress\/plugins\/seo\/ -->\n<title>Como criar um Instagram profissional? + 5 dicas de conte\u00fado - a\/b lab<\/title>\n<meta name=\"robots\" content=\"index, follow, max-snippet:-1, max-image-preview:large, max-video-preview:-1\" \/>\n<link rel=\"canonical\" href=\"https:\/\/ablab.com.br\/blog\/como-criar-um-instagram-profissional-5-dicas-de-conteudo\/\" \/>\n<meta property=\"og:locale\" content=\"pt_BR\" \/>\n<meta property=\"og:type\" content=\"article\" \/>\n<meta property=\"og:title\" content=\"Como criar um Instagram profissional? + 5 dicas de conte\u00fado - a\/b lab\" \/>\n<meta property=\"og:description\" content=\"Aprenda como criar um Instagram profissional, estrat\u00e9gias para crescer o perfil e dicas de conte\u00fado para divulgar sua marca na rede social. Como criar um Instagram profissional? 5 dicas A... continue lendo \u00bb\" \/>\n<meta property=\"og:url\" content=\"https:\/\/ablab.com.br\/blog\/como-criar-um-instagram-profissional-5-dicas-de-conteudo\/\" \/>\n<meta property=\"og:site_name\" content=\"a\/b lab\" \/>\n<meta property=\"article:published_time\" content=\"2023-06-21T14:48:00+00:00\" \/>\n<meta property=\"article:modified_time\" content=\"2024-06-17T17:38:04+00:00\" \/>\n<meta property=\"og:image\" content=\"https:\/\/lh7-us.googleusercontent.com\/docsz\/AD_4nXf4YQ-xBjvSY1FJ0Rx5SSYjJu0E7NU4iLv9jywV8CM1H9ZHcktO9e5WheOIMuTFF5oVij4HgAdUMtxvfiZRt2O5ZgJniCqh1rIkLrTIrZNntRzOMINhfULG88Rg4hFFcH7qecG3wcMw2TkWhNQfNiQ9zjY?key=TPLuDzhxm1Zd_5Pw3HK20Q\" \/>\n<meta name=\"author\" content=\"admin-ablab\" \/>\n<meta name=\"twitter:card\" content=\"summary_large_image\" \/>\n<meta name=\"twitter:label1\" content=\"Escrito por\" \/>\n\t<meta name=\"twitter:data1\" content=\"admin-ablab\" \/>\n\t<meta name=\"twitter:label2\" content=\"Est. tempo de leitura\" \/>\n\t<meta name=\"twitter:data2\" content=\"7 minutos\" \/>\n<script type=\"application\/ld+json\" class=\"yoast-schema-graph\">{\"@context\":\"https:\/\/schema.org\",\"@graph\":[{\"@type\":\"Article\",\"@id\":\"https:\/\/ablab.com.br\/blog\/como-criar-um-instagram-profissional-5-dicas-de-conteudo\/#article\",\"isPartOf\":{\"@id\":\"https:\/\/ablab.com.br\/blog\/como-criar-um-instagram-profissional-5-dicas-de-conteudo\/\"},\"author\":{\"name\":\"admin-ablab\",\"@id\":\"https:\/\/ablab.com.br\/blog\/#\/schema\/person\/e7bb7e37f9b5842fc9d7d6391232cce6\"},\"headline\":\"Como criar um Instagram profissional? + 5 dicas de conte\u00fado\",\"datePublished\":\"2023-06-21T14:48:00+00:00\",\"dateModified\":\"2024-06-17T17:38:04+00:00\",\"mainEntityOfPage\":{\"@id\":\"https:\/\/ablab.com.br\/blog\/como-criar-um-instagram-profissional-5-dicas-de-conteudo\/\"},\"wordCount\":1252,\"publisher\":{\"@id\":\"https:\/\/ablab.com.br\/blog\/#organization\"},\"image\":{\"@id\":\"https:\/\/ablab.com.br\/blog\/como-criar-um-instagram-profissional-5-dicas-de-conteudo\/#primaryimage\"},\"thumbnailUrl\":\"https:\/\/lh7-us.googleusercontent.com\/docsz\/AD_4nXf4YQ-xBjvSY1FJ0Rx5SSYjJu0E7NU4iLv9jywV8CM1H9ZHcktO9e5WheOIMuTFF5oVij4HgAdUMtxvfiZRt2O5ZgJniCqh1rIkLrTIrZNntRzOMINhfULG88Rg4hFFcH7qecG3wcMw2TkWhNQfNiQ9zjY?key=TPLuDzhxm1Zd_5Pw3HK20Q\",\"keywords\":[\"Social Media\"],\"articleSection\":[\"Social Media\"],\"inLanguage\":\"pt-BR\"},{\"@type\":\"WebPage\",\"@id\":\"https:\/\/ablab.com.br\/blog\/como-criar-um-instagram-profissional-5-dicas-de-conteudo\/\",\"url\":\"https:\/\/ablab.com.br\/blog\/como-criar-um-instagram-profissional-5-dicas-de-conteudo\/\",\"name\":\"Como criar um Instagram profissional? + 5 dicas de conte\u00fado - a\/b lab\",\"isPartOf\":{\"@id\":\"https:\/\/ablab.com.br\/blog\/#website\"},\"primaryImageOfPage\":{\"@id\":\"https:\/\/ablab.com.br\/blog\/como-criar-um-instagram-profissional-5-dicas-de-conteudo\/#primaryimage\"},\"image\":{\"@id\":\"https:\/\/ablab.com.br\/blog\/como-criar-um-instagram-profissional-5-dicas-de-conteudo\/#primaryimage\"},\"thumbnailUrl\":\"https:\/\/lh7-us.googleusercontent.com\/docsz\/AD_4nXf4YQ-xBjvSY1FJ0Rx5SSYjJu0E7NU4iLv9jywV8CM1H9ZHcktO9e5WheOIMuTFF5oVij4HgAdUMtxvfiZRt2O5ZgJniCqh1rIkLrTIrZNntRzOMINhfULG88Rg4hFFcH7qecG3wcMw2TkWhNQfNiQ9zjY?key=TPLuDzhxm1Zd_5Pw3HK20Q\",\"datePublished\":\"2023-06-21T14:48:00+00:00\",\"dateModified\":\"2024-06-17T17:38:04+00:00\",\"breadcrumb\":{\"@id\":\"https:\/\/ablab.com.br\/blog\/como-criar-um-instagram-profissional-5-dicas-de-conteudo\/#breadcrumb\"},\"inLanguage\":\"pt-BR\",\"potentialAction\":[{\"@type\":\"ReadAction\",\"target\":[\"https:\/\/ablab.com.br\/blog\/como-criar-um-instagram-profissional-5-dicas-de-conteudo\/\"]}]},{\"@type\":\"ImageObject\",\"inLanguage\":\"pt-BR\",\"@id\":\"https:\/\/ablab.com.br\/blog\/como-criar-um-instagram-profissional-5-dicas-de-conteudo\/#primaryimage\",\"url\":\"https:\/\/lh7-us.googleusercontent.com\/docsz\/AD_4nXf4YQ-xBjvSY1FJ0Rx5SSYjJu0E7NU4iLv9jywV8CM1H9ZHcktO9e5WheOIMuTFF5oVij4HgAdUMtxvfiZRt2O5ZgJniCqh1rIkLrTIrZNntRzOMINhfULG88Rg4hFFcH7qecG3wcMw2TkWhNQfNiQ9zjY?key=TPLuDzhxm1Zd_5Pw3HK20Q\",\"contentUrl\":\"https:\/\/lh7-us.googleusercontent.com\/docsz\/AD_4nXf4YQ-xBjvSY1FJ0Rx5SSYjJu0E7NU4iLv9jywV8CM1H9ZHcktO9e5WheOIMuTFF5oVij4HgAdUMtxvfiZRt2O5ZgJniCqh1rIkLrTIrZNntRzOMINhfULG88Rg4hFFcH7qecG3wcMw2TkWhNQfNiQ9zjY?key=TPLuDzhxm1Zd_5Pw3HK20Q\"},{\"@type\":\"BreadcrumbList\",\"@id\":\"https:\/\/ablab.com.br\/blog\/como-criar-um-instagram-profissional-5-dicas-de-conteudo\/#breadcrumb\",\"itemListElement\":[{\"@type\":\"ListItem\",\"position\":1,\"name\":\"In\u00edcio\",\"item\":\"https:\/\/ablab.com.br\/blog\/\"},{\"@type\":\"ListItem\",\"position\":2,\"name\":\"Como criar um Instagram profissional? + 5 dicas de conte\u00fado\"}]},{\"@type\":\"WebSite\",\"@id\":\"https:\/\/ablab.com.br\/blog\/#website\",\"url\":\"https:\/\/ablab.com.br\/blog\/\",\"name\":\"a\/b lab\",\"description\":\"a\/b lab \u2022 business driven \u2022 tech based \u2022 creative believers\",\"publisher\":{\"@id\":\"https:\/\/ablab.com.br\/blog\/#organization\"},\"potentialAction\":[{\"@type\":\"SearchAction\",\"target\":{\"@type\":\"EntryPoint\",\"urlTemplate\":\"https:\/\/ablab.com.br\/blog\/?s={search_term_string}\"},\"query-input\":\"required name=search_term_string\"}],\"inLanguage\":\"pt-BR\"},{\"@type\":\"Organization\",\"@id\":\"https:\/\/ablab.com.br\/blog\/#organization\",\"name\":\"a\/b lab\",\"alternateName\":\"ab lab\",\"url\":\"https:\/\/ablab.com.br\/blog\/\",\"logo\":{\"@type\":\"ImageObject\",\"inLanguage\":\"pt-BR\",\"@id\":\"https:\/\/ablab.com.br\/blog\/#\/schema\/logo\/image\/\",\"url\":\"https:\/\/ablab.com.br\/blog\/wp-content\/uploads\/avatar1_zap.png\",\"contentUrl\":\"https:\/\/ablab.com.br\/blog\/wp-content\/uploads\/avatar1_zap.png\",\"width\":240,\"height\":240,\"caption\":\"a\/b lab\"},\"image\":{\"@id\":\"https:\/\/ablab.com.br\/blog\/#\/schema\/logo\/image\/\"}},{\"@type\":\"Person\",\"@id\":\"https:\/\/ablab.com.br\/blog\/#\/schema\/person\/e7bb7e37f9b5842fc9d7d6391232cce6\",\"name\":\"admin-ablab\",\"sameAs\":[\"https:\/\/www.ablab.com.br\/\"],\"url\":\"https:\/\/ablab.com.br\/blog\/author\/admin-ablab\/\"}]}<\/script>\n<!-- \/ Yoast SEO plugin. -->","yoast_head_json":{"title":"Como criar um Instagram profissional? + 5 dicas de conte\u00fado - a\/b lab","robots":{"index":"index","follow":"follow","max-snippet":"max-snippet:-1","max-image-preview":"max-image-preview:large","max-video-preview":"max-video-preview:-1"},"canonical":"https:\/\/ablab.com.br\/blog\/como-criar-um-instagram-profissional-5-dicas-de-conteudo\/","og_locale":"pt_BR","og_type":"article","og_title":"Como criar um Instagram profissional? + 5 dicas de conte\u00fado - a\/b lab","og_description":"Aprenda como criar um Instagram profissional, estrat\u00e9gias para crescer o perfil e dicas de conte\u00fado para divulgar sua marca na rede social. Como criar um Instagram profissional? 5 dicas A... continue lendo \u00bb","og_url":"https:\/\/ablab.com.br\/blog\/como-criar-um-instagram-profissional-5-dicas-de-conteudo\/","og_site_name":"a\/b lab","article_published_time":"2023-06-21T14:48:00+00:00","article_modified_time":"2024-06-17T17:38:04+00:00","og_image":[{"url":"https:\/\/lh7-us.googleusercontent.com\/docsz\/AD_4nXf4YQ-xBjvSY1FJ0Rx5SSYjJu0E7NU4iLv9jywV8CM1H9ZHcktO9e5WheOIMuTFF5oVij4HgAdUMtxvfiZRt2O5ZgJniCqh1rIkLrTIrZNntRzOMINhfULG88Rg4hFFcH7qecG3wcMw2TkWhNQfNiQ9zjY?key=TPLuDzhxm1Zd_5Pw3HK20Q"}],"author":"admin-ablab","twitter_card":"summary_large_image","twitter_misc":{"Escrito por":"admin-ablab","Est. tempo de leitura":"7 minutos"},"schema":{"@context":"https:\/\/schema.org","@graph":[{"@type":"Article","@id":"https:\/\/ablab.com.br\/blog\/como-criar-um-instagram-profissional-5-dicas-de-conteudo\/#article","isPartOf":{"@id":"https:\/\/ablab.com.br\/blog\/como-criar-um-instagram-profissional-5-dicas-de-conteudo\/"},"author":{"name":"admin-ablab","@id":"https:\/\/ablab.com.br\/blog\/#\/schema\/person\/e7bb7e37f9b5842fc9d7d6391232cce6"},"headline":"Como criar um Instagram profissional? + 5 dicas de conte\u00fado","datePublished":"2023-06-21T14:48:00+00:00","dateModified":"2024-06-17T17:38:04+00:00","mainEntityOfPage":{"@id":"https:\/\/ablab.com.br\/blog\/como-criar-um-instagram-profissional-5-dicas-de-conteudo\/"},"wordCount":1252,"publisher":{"@id":"https:\/\/ablab.com.br\/blog\/#organization"},"image":{"@id":"https:\/\/ablab.com.br\/blog\/como-criar-um-instagram-profissional-5-dicas-de-conteudo\/#primaryimage"},"thumbnailUrl":"https:\/\/lh7-us.googleusercontent.com\/docsz\/AD_4nXf4YQ-xBjvSY1FJ0Rx5SSYjJu0E7NU4iLv9jywV8CM1H9ZHcktO9e5WheOIMuTFF5oVij4HgAdUMtxvfiZRt2O5ZgJniCqh1rIkLrTIrZNntRzOMINhfULG88Rg4hFFcH7qecG3wcMw2TkWhNQfNiQ9zjY?key=TPLuDzhxm1Zd_5Pw3HK20Q","keywords":["Social Media"],"articleSection":["Social Media"],"inLanguage":"pt-BR"},{"@type":"WebPage","@id":"https:\/\/ablab.com.br\/blog\/como-criar-um-instagram-profissional-5-dicas-de-conteudo\/","url":"https:\/\/ablab.com.br\/blog\/como-criar-um-instagram-profissional-5-dicas-de-conteudo\/","name":"Como criar um Instagram profissional? + 5 dicas de conte\u00fado - a\/b lab","isPartOf":{"@id":"https:\/\/ablab.com.br\/blog\/#website"},"primaryImageOfPage":{"@id":"https:\/\/ablab.com.br\/blog\/como-criar-um-instagram-profissional-5-dicas-de-conteudo\/#primaryimage"},"image":{"@id":"https:\/\/ablab.com.br\/blog\/como-criar-um-instagram-profissional-5-dicas-de-conteudo\/#primaryimage"},"thumbnailUrl":"https:\/\/lh7-us.googleusercontent.com\/docsz\/AD_4nXf4YQ-xBjvSY1FJ0Rx5SSYjJu0E7NU4iLv9jywV8CM1H9ZHcktO9e5WheOIMuTFF5oVij4HgAdUMtxvfiZRt2O5ZgJniCqh1rIkLrTIrZNntRzOMINhfULG88Rg4hFFcH7qecG3wcMw2TkWhNQfNiQ9zjY?key=TPLuDzhxm1Zd_5Pw3HK20Q","datePublished":"2023-06-21T14:48:00+00:00","dateModified":"2024-06-17T17:38:04+00:00","breadcrumb":{"@id":"https:\/\/ablab.com.br\/blog\/como-criar-um-instagram-profissional-5-dicas-de-conteudo\/#breadcrumb"},"inLanguage":"pt-BR","potentialAction":[{"@type":"ReadAction","target":["https:\/\/ablab.com.br\/blog\/como-criar-um-instagram-profissional-5-dicas-de-conteudo\/"]}]},{"@type":"ImageObject","inLanguage":"pt-BR","@id":"https:\/\/ablab.com.br\/blog\/como-criar-um-instagram-profissional-5-dicas-de-conteudo\/#primaryimage","url":"https:\/\/lh7-us.googleusercontent.com\/docsz\/AD_4nXf4YQ-xBjvSY1FJ0Rx5SSYjJu0E7NU4iLv9jywV8CM1H9ZHcktO9e5WheOIMuTFF5oVij4HgAdUMtxvfiZRt2O5ZgJniCqh1rIkLrTIrZNntRzOMINhfULG88Rg4hFFcH7qecG3wcMw2TkWhNQfNiQ9zjY?key=TPLuDzhxm1Zd_5Pw3HK20Q","contentUrl":"https:\/\/lh7-us.googleusercontent.com\/docsz\/AD_4nXf4YQ-xBjvSY1FJ0Rx5SSYjJu0E7NU4iLv9jywV8CM1H9ZHcktO9e5WheOIMuTFF5oVij4HgAdUMtxvfiZRt2O5ZgJniCqh1rIkLrTIrZNntRzOMINhfULG88Rg4hFFcH7qecG3wcMw2TkWhNQfNiQ9zjY?key=TPLuDzhxm1Zd_5Pw3HK20Q"},{"@type":"BreadcrumbList","@id":"https:\/\/ablab.com.br\/blog\/como-criar-um-instagram-profissional-5-dicas-de-conteudo\/#breadcrumb","itemListElement":[{"@type":"ListItem","position":1,"name":"In\u00edcio","item":"https:\/\/ablab.com.br\/blog\/"},{"@type":"ListItem","position":2,"name":"Como criar um Instagram profissional? + 5 dicas de conte\u00fado"}]},{"@type":"WebSite","@id":"https:\/\/ablab.com.br\/blog\/#website","url":"https:\/\/ablab.com.br\/blog\/","name":"a\/b lab","description":"a\/b lab \u2022 business driven \u2022 tech based \u2022 creative believers","publisher":{"@id":"https:\/\/ablab.com.br\/blog\/#organization"},"potentialAction":[{"@type":"SearchAction","target":{"@type":"EntryPoint","urlTemplate":"https:\/\/ablab.com.br\/blog\/?s={search_term_string}"},"query-input":"required name=search_term_string"}],"inLanguage":"pt-BR"},{"@type":"Organization","@id":"https:\/\/ablab.com.br\/blog\/#organization","name":"a\/b lab","alternateName":"ab lab","url":"https:\/\/ablab.com.br\/blog\/","logo":{"@type":"ImageObject","inLanguage":"pt-BR","@id":"https:\/\/ablab.com.br\/blog\/#\/schema\/logo\/image\/","url":"https:\/\/ablab.com.br\/blog\/wp-content\/uploads\/avatar1_zap.png","contentUrl":"https:\/\/ablab.com.br\/blog\/wp-content\/uploads\/avatar1_zap.png","width":240,"height":240,"caption":"a\/b lab"},"image":{"@id":"https:\/\/ablab.com.br\/blog\/#\/schema\/logo\/image\/"}},{"@type":"Person","@id":"https:\/\/ablab.com.br\/blog\/#\/schema\/person\/e7bb7e37f9b5842fc9d7d6391232cce6","name":"admin-ablab","sameAs":["https:\/\/www.ablab.com.br\/"],"url":"https:\/\/ablab.com.br\/blog\/author\/admin-ablab\/"}]}},"_links":{"self":[{"href":"https:\/\/ablab.com.br\/blog\/wp-json\/wp\/v2\/posts\/264","targetHints":{"allow":["GET"]}}],"collection":[{"href":"https:\/\/ablab.com.br\/blog\/wp-json\/wp\/v2\/posts"}],"about":[{"href":"https:\/\/ablab.com.br\/blog\/wp-json\/wp\/v2\/types\/post"}],"author":[{"embeddable":true,"href":"https:\/\/ablab.com.br\/blog\/wp-json\/wp\/v2\/users\/1"}],"replies":[{"embeddable":true,"href":"https:\/\/ablab.com.br\/blog\/wp-json\/wp\/v2\/comments?post=264"}],"version-history":[{"count":3,"href":"https:\/\/ablab.com.br\/blog\/wp-json\/wp\/v2\/posts\/264\/revisions"}],"predecessor-version":[{"id":498,"href":"https:\/\/ablab.com.br\/blog\/wp-json\/wp\/v2\/posts\/264\/revisions\/498"}],"wp:attachment":[{"href":"https:\/\/ablab.com.br\/blog\/wp-json\/wp\/v2\/media?parent=264"}],"wp:term":[{"taxonomy":"category","embeddable":true,"href":"https:\/\/ablab.com.br\/blog\/wp-json\/wp\/v2\/categories?post=264"},{"taxonomy":"post_tag","embeddable":true,"href":"https:\/\/ablab.com.br\/blog\/wp-json\/wp\/v2\/tags?post=264"}],"curies":[{"name":"wp","href":"https:\/\/api.w.org\/{rel}","templated":true}]}}