{"id":163,"date":"2023-11-16T16:34:00","date_gmt":"2023-11-16T19:34:00","guid":{"rendered":"https:\/\/ablab.com.br\/blog\/?p=163"},"modified":"2024-06-06T13:51:43","modified_gmt":"2024-06-06T16:51:43","slug":"passo-a-passo-da-criacao-de-video-institucional-para-empresa","status":"publish","type":"post","link":"https:\/\/ablab.com.br\/blog\/passo-a-passo-da-criacao-de-video-institucional-para-empresa\/","title":{"rendered":"Passo a passo da cria\u00e7\u00e3o de v\u00eddeo institucional para empresa"},"content":{"rendered":"\n<p>Tudo o que voc\u00ea precisa saber para fazer um v\u00eddeo institucional para empresa. Por onde come\u00e7ar e todo o passo a passo do processo.<\/p>\n\n\n\n<h1 class=\"wp-block-heading\">V\u00eddeo institucional para empresa &#8211; Confira nosso passo a passo!<\/h1>\n\n\n\n<p>Pensando em quem deseja criar um v\u00eddeo institucional para empresa e n\u00e3o sabe bem por onde come\u00e7ar resolvemos escrever este conte\u00fado. Voc\u00ea ver\u00e1 aqui tudo o que voc\u00ea precisa considerar para fazer o v\u00eddeo institucional da sua empresa.<\/p>\n\n\n\n<p>Fazer um v\u00eddeo institucional da empresa \u00e9 uma das melhores formas de apresent\u00e1-la a quem n\u00e3o a conhece. Ele \u00e9 como um cart\u00e3o de visitas que apresenta visualmente tudo aquilo que voc\u00ea deseja passar.<\/p>\n\n\n\n<p>Al\u00e9m disso, o v\u00eddeo institucional para empresa \u00e9 uma ferramenta de marketing que ajuda a humanizar a sua marca, criando um v\u00ednculo emocional com o seu p\u00fablico-alvo. Nele voc\u00ea pode contar sua hist\u00f3ria, apresentar suas instala\u00e7\u00f5es, passar informa\u00e7\u00f5es \u00fateis e at\u00e9 mesmo apresentar sua equipe e colaboradores.<\/p>\n\n\n\n<p>E para te ajudar a criar o seu pr\u00f3prio v\u00eddeo institucional, escrevemos este conte\u00fado que poder\u00e1 servir como um guia. Aqui neste nosso texto voc\u00ea ver\u00e1:<\/p>\n\n\n\n<ul class=\"wp-block-list\">\n<li>Passo a passo de como criar um v\u00eddeo institucional de empresa<\/li>\n\n\n\n<li>Exemplos de v\u00eddeo institucional de empresa para te inspirar<\/li>\n\n\n\n<li>A import\u00e2ncia de um v\u00eddeo institucional para empresas<\/li>\n<\/ul>\n\n\n\n<p>Portanto, siga com a gente e aprenda tudo aquilo que voc\u00ea precisa para criar o v\u00eddeo institucional para sua empresa.<\/p>\n\n\n\n<h2 class=\"wp-block-heading\">Passo a passo de como criar um v\u00eddeo institucional de empresa<\/h2>\n\n\n\n<p>Criamos um passo a passo que vai te ajudar a organizar a cria\u00e7\u00e3o do v\u00eddeo institucional. Saber por onde come\u00e7ar, como se organizar, criar e fazer a distribui\u00e7\u00e3o do seu v\u00eddeo.<\/p>\n\n\n\n<p>Nosso passo a passo ficou assim:<\/p>\n\n\n\n<ul class=\"wp-block-list\">\n<li>Passo 1: defini\u00e7\u00e3o do objetivo principal e p\u00fablico-alvo do v\u00eddeo institucional de empresa<\/li>\n\n\n\n<li>Passo 2: escolha do formato do v\u00eddeo institucional<\/li>\n\n\n\n<li>Passo 3: escolha do roteiro do v\u00eddeo institucional<\/li>\n\n\n\n<li>Passo 4: produ\u00e7\u00e3o do v\u00eddeo institucional<\/li>\n\n\n\n<li>Passo 5: edi\u00e7\u00e3o \/ p\u00f3s-produ\u00e7\u00e3o<\/li>\n\n\n\n<li>Passo 6: divulga\u00e7\u00e3o<\/li>\n<\/ul>\n\n\n\n<p>Vamos entender um pouco mais cada um deles.<\/p>\n\n\n\n<h3 class=\"wp-block-heading\">Passo 1: defini\u00e7\u00e3o do objetivo principal e p\u00fablico-alvo do v\u00eddeo institucional de empresa<\/h3>\n\n\n\n<p>O primeiro passo da cria\u00e7\u00e3o de um v\u00eddeo institucional de empresa est\u00e1 na defini\u00e7\u00e3o do objetivo que ele ter\u00e1. O que voc\u00ea espera ter com ele? Para quem voc\u00ea o est\u00e1 criando?<\/p>\n\n\n\n<p>Essas s\u00e3o perguntas b\u00e1sicas que far\u00e3o com que voc\u00ea consiga direcionar o seu v\u00eddeo exatamente para o objetivo e as pessoas certas.<\/p>\n\n\n\n<h3 class=\"wp-block-heading\">Passo 2: escolha do formato do v\u00eddeo institucional<\/h3>\n\n\n\n<p>A escolha do formato do v\u00eddeo tem grande rela\u00e7\u00e3o com os seus objetivos e seu p\u00fablico-alvo. Dependendo do seu planejamento inicial, o seu v\u00eddeo pode ser gravado pensando em uma apresenta\u00e7\u00e3o mais formal para feiras, ou mesmo para divulga\u00e7\u00e3o nas redes sociais.<\/p>\n\n\n\n<h3 class=\"wp-block-heading\">Passo 3: escolha do roteiro do v\u00eddeo institucional<\/h3>\n\n\n\n<p>Ap\u00f3s ter definido seus objetivos, p\u00fablico-alvo e o formato, \u00e9 hora de pensar no roteiro do v\u00eddeo institucional. \u00c9 aqui que voc\u00ea vai colocar o seu lado criativo para trabalhar.<\/p>\n\n\n\n<p>Pense em tudo o que voc\u00ea quer mostrar, organize as informa\u00e7\u00f5es e defina a melhor forma de apresentar para quem vai assistir ao v\u00eddeo institucional da empresa.<\/p>\n\n\n\n<h3 class=\"wp-block-heading\">Passo 4: produ\u00e7\u00e3o do v\u00eddeo institucional<\/h3>\n\n\n\n<p>A produ\u00e7\u00e3o do v\u00eddeo institucional da empresa \u00e9 onde voc\u00ea efetivamente vai colocar tudo aquilo que foi planejado em pr\u00e1tica.<\/p>\n\n\n\n<p>Para isso, voc\u00ea provavelmente vai precisar de uma empresa especializada para as grava\u00e7\u00f5es, edi\u00e7\u00e3o e p\u00f3s-produ\u00e7\u00e3o. Com uma empresa de produ\u00e7\u00e3o, voc\u00ea ter\u00e1 mais tranquilidade para colocar em pr\u00e1tica suas ideias.<\/p>\n\n\n\n<h3 class=\"wp-block-heading\">Passo 5: divulga\u00e7\u00e3o<\/h3>\n\n\n\n<p>Chegamos ao&nbsp; momento t\u00e3o esperado! O resultado final do seu v\u00eddeo! Agora que seu v\u00eddeo ficou pronto e tudo saiu como voc\u00ea esperava, \u00e9 hora de divulg\u00e1-lo.<\/p>\n\n\n\n<p>A escolha do canal de distribui\u00e7\u00e3o principal foi escolhida l\u00e1 atr\u00e1s no planejamento e formato, mas nada te impede de aproveitar o seu v\u00eddeo para divulga\u00e7\u00e3o em outros locais tamb\u00e9m.<\/p>\n\n\n\n<p>Um v\u00eddeo institucional pode servir por muitos anos, e pode ser usado em muitas m\u00eddias diferentes.<\/p>\n\n\n\n<h2 class=\"wp-block-heading\">Exemplos de v\u00eddeo institucional de empresa para te inspirar<\/h2>\n\n\n\n<p>Trouxemos 2 exemplos de v\u00eddeo institucional de empresas que podem te inspirar na hora da cria\u00e7\u00e3o do seu.<\/p>\n\n\n\n<h3 class=\"wp-block-heading\">Santander Brasil<\/h3>\n\n\n\n<figure class=\"wp-block-embed is-type-video is-provider-youtube wp-block-embed-youtube wp-embed-aspect-16-9 wp-has-aspect-ratio\"><div class=\"wp-block-embed__wrapper\">\n<iframe loading=\"lazy\" title=\"Nossa Chama Santander\" width=\"780\" height=\"439\" src=\"https:\/\/www.youtube.com\/embed\/I7_kC_QVjNE?feature=oembed\" frameborder=\"0\" allow=\"accelerometer; autoplay; clipboard-write; encrypted-media; gyroscope; picture-in-picture; web-share\" referrerpolicy=\"strict-origin-when-cross-origin\" allowfullscreen><\/iframe>\n<\/div><\/figure>\n\n\n\n<p>Um v\u00eddeo de 2019 do Santander Brasil que fala de forma criativa sobre a \u201cchama\u201d da empresa. Aquilo que a inspira.<\/p>\n\n\n\n<h3 class=\"wp-block-heading\">FGV<\/h3>\n\n\n\n<figure class=\"wp-block-embed is-type-video is-provider-youtube wp-block-embed-youtube wp-embed-aspect-16-9 wp-has-aspect-ratio\"><div class=\"wp-block-embed__wrapper\">\n<iframe loading=\"lazy\" title=\"V\u00eddeo Institucional FGV 2018\" width=\"780\" height=\"439\" src=\"https:\/\/www.youtube.com\/embed\/UNYw3zlG-HA?feature=oembed\" frameborder=\"0\" allow=\"accelerometer; autoplay; clipboard-write; encrypted-media; gyroscope; picture-in-picture; web-share\" referrerpolicy=\"strict-origin-when-cross-origin\" allowfullscreen><\/iframe>\n<\/div><\/figure>\n\n\n\n<p>Nesse v\u00eddeo institucional da FGV, de 2018, podemos ver como ela passa a ideia de que promove o desenvolvimento do Brasil a partir do seu trabalho e como seus feitos s\u00e3o refer\u00eancia. Um v\u00eddeo que pega a palavra \u201cideia\u201d e a relaciona com diversos pontos positivos da empresa.<\/p>\n\n\n\n<h2 class=\"wp-block-heading\">A import\u00e2ncia de um v\u00eddeo institucional para empresas<\/h2>\n\n\n\n<p>Assim como falamos logo no in\u00edcio deste texto, um v\u00eddeo institucional para empresas \u00e9 uma \u00f3tima forma de se conectar com o seu p\u00fablico, transmitir sua identidade de marca e ganhar reconhecimento.<\/p>\n\n\n\n<p>Sua versatilidade faz dele uma \u00f3tima forma de comunica\u00e7\u00e3o para v\u00e1rios canais diferentes, podendo ser feito tanto para eventos espec\u00edficos quanto para divulga\u00e7\u00e3o em redes sociais.<\/p>\n\n\n\n<p>Algo pouco falado tamb\u00e9m \u00e9 a for\u00e7a que ele tem em gerar autoridade de marca, refor\u00e7ando a credibilidade de sua empresa junto aos seus clientes.<br>E agora que voc\u00ea aprendeu tudo o que voc\u00ea precisa para fazer o seu v\u00eddeo institucional para empresas, vai ficar mais f\u00e1cil come\u00e7ar a <em>colocar a m\u00e3o na massa<\/em>, n\u00e3o \u00e9 mesmo?!<\/p>\n","protected":false},"excerpt":{"rendered":"<p>Tudo o que voc\u00ea precisa saber para fazer um v\u00eddeo institucional para empresa. Por onde come\u00e7ar e todo o passo a passo do processo. V\u00eddeo institucional para empresa &#8211; Confira&#8230; <a class=\"more-link\" href=\"https:\/\/ablab.com.br\/blog\/passo-a-passo-da-criacao-de-video-institucional-para-empresa\/\">continue lendo  \u00bb<\/a><\/p>\n","protected":false},"author":1,"featured_media":0,"comment_status":"closed","ping_status":"closed","sticky":false,"template":"","format":"standard","meta":{"_sb_is_suggestion_mode":false,"_sb_show_suggestion_boards":false,"_sb_show_comment_boards":false,"_sb_suggestion_history":"","_sb_update_block_changes":"","footnotes":""},"categories":[26],"tags":[38],"class_list":["post-163","post","type-post","status-publish","format-standard","hentry","category-criacao","tag-criacao"],"yoast_head":"<!-- This site is optimized with the Yoast SEO plugin v22.8 - https:\/\/yoast.com\/wordpress\/plugins\/seo\/ -->\n<title>Passo a passo da cria\u00e7\u00e3o de v\u00eddeo institucional para empresa - a\/b lab<\/title>\n<meta name=\"robots\" content=\"index, follow, max-snippet:-1, max-image-preview:large, max-video-preview:-1\" \/>\n<link rel=\"canonical\" href=\"https:\/\/ablab.com.br\/blog\/passo-a-passo-da-criacao-de-video-institucional-para-empresa\/\" \/>\n<meta property=\"og:locale\" content=\"pt_BR\" \/>\n<meta property=\"og:type\" content=\"article\" \/>\n<meta property=\"og:title\" content=\"Passo a passo da cria\u00e7\u00e3o de v\u00eddeo institucional para empresa - a\/b lab\" \/>\n<meta property=\"og:description\" content=\"Tudo o que voc\u00ea precisa saber para fazer um v\u00eddeo institucional para empresa. Por onde come\u00e7ar e todo o passo a passo do processo. V\u00eddeo institucional para empresa &#8211; Confira... continue lendo \u00bb\" \/>\n<meta property=\"og:url\" content=\"https:\/\/ablab.com.br\/blog\/passo-a-passo-da-criacao-de-video-institucional-para-empresa\/\" \/>\n<meta property=\"og:site_name\" content=\"a\/b lab\" \/>\n<meta property=\"article:published_time\" content=\"2023-11-16T19:34:00+00:00\" \/>\n<meta property=\"article:modified_time\" content=\"2024-06-06T16:51:43+00:00\" \/>\n<meta property=\"og:image\" content=\"https:\/\/ablab.com.br\/blog\/wp-content\/uploads\/ablab.png\" \/>\n\t<meta property=\"og:image:width\" content=\"861\" \/>\n\t<meta property=\"og:image:height\" content=\"160\" \/>\n\t<meta property=\"og:image:type\" content=\"image\/png\" \/>\n<meta name=\"author\" content=\"admin-ablab\" \/>\n<meta name=\"twitter:card\" content=\"summary_large_image\" \/>\n<meta name=\"twitter:label1\" content=\"Escrito por\" \/>\n\t<meta name=\"twitter:data1\" content=\"admin-ablab\" \/>\n\t<meta name=\"twitter:label2\" content=\"Est. tempo de leitura\" \/>\n\t<meta name=\"twitter:data2\" content=\"5 minutos\" \/>\n<script type=\"application\/ld+json\" class=\"yoast-schema-graph\">{\"@context\":\"https:\/\/schema.org\",\"@graph\":[{\"@type\":\"Article\",\"@id\":\"https:\/\/ablab.com.br\/blog\/passo-a-passo-da-criacao-de-video-institucional-para-empresa\/#article\",\"isPartOf\":{\"@id\":\"https:\/\/ablab.com.br\/blog\/passo-a-passo-da-criacao-de-video-institucional-para-empresa\/\"},\"author\":{\"name\":\"admin-ablab\",\"@id\":\"https:\/\/ablab.com.br\/blog\/#\/schema\/person\/e7bb7e37f9b5842fc9d7d6391232cce6\"},\"headline\":\"Passo a passo da cria\u00e7\u00e3o de v\u00eddeo institucional para empresa\",\"datePublished\":\"2023-11-16T19:34:00+00:00\",\"dateModified\":\"2024-06-06T16:51:43+00:00\",\"mainEntityOfPage\":{\"@id\":\"https:\/\/ablab.com.br\/blog\/passo-a-passo-da-criacao-de-video-institucional-para-empresa\/\"},\"wordCount\":983,\"publisher\":{\"@id\":\"https:\/\/ablab.com.br\/blog\/#organization\"},\"keywords\":[\"Cria\u00e7\u00e3o\"],\"articleSection\":[\"Cria\u00e7\u00e3o\"],\"inLanguage\":\"pt-BR\"},{\"@type\":\"WebPage\",\"@id\":\"https:\/\/ablab.com.br\/blog\/passo-a-passo-da-criacao-de-video-institucional-para-empresa\/\",\"url\":\"https:\/\/ablab.com.br\/blog\/passo-a-passo-da-criacao-de-video-institucional-para-empresa\/\",\"name\":\"Passo a passo da cria\u00e7\u00e3o de v\u00eddeo institucional para empresa - a\/b lab\",\"isPartOf\":{\"@id\":\"https:\/\/ablab.com.br\/blog\/#website\"},\"datePublished\":\"2023-11-16T19:34:00+00:00\",\"dateModified\":\"2024-06-06T16:51:43+00:00\",\"breadcrumb\":{\"@id\":\"https:\/\/ablab.com.br\/blog\/passo-a-passo-da-criacao-de-video-institucional-para-empresa\/#breadcrumb\"},\"inLanguage\":\"pt-BR\",\"potentialAction\":[{\"@type\":\"ReadAction\",\"target\":[\"https:\/\/ablab.com.br\/blog\/passo-a-passo-da-criacao-de-video-institucional-para-empresa\/\"]}]},{\"@type\":\"BreadcrumbList\",\"@id\":\"https:\/\/ablab.com.br\/blog\/passo-a-passo-da-criacao-de-video-institucional-para-empresa\/#breadcrumb\",\"itemListElement\":[{\"@type\":\"ListItem\",\"position\":1,\"name\":\"In\u00edcio\",\"item\":\"https:\/\/ablab.com.br\/blog\/\"},{\"@type\":\"ListItem\",\"position\":2,\"name\":\"Passo a passo da cria\u00e7\u00e3o de v\u00eddeo institucional para empresa\"}]},{\"@type\":\"WebSite\",\"@id\":\"https:\/\/ablab.com.br\/blog\/#website\",\"url\":\"https:\/\/ablab.com.br\/blog\/\",\"name\":\"a\/b lab\",\"description\":\"a\/b lab \u2022 business driven \u2022 tech based \u2022 creative believers\",\"publisher\":{\"@id\":\"https:\/\/ablab.com.br\/blog\/#organization\"},\"potentialAction\":[{\"@type\":\"SearchAction\",\"target\":{\"@type\":\"EntryPoint\",\"urlTemplate\":\"https:\/\/ablab.com.br\/blog\/?s={search_term_string}\"},\"query-input\":\"required name=search_term_string\"}],\"inLanguage\":\"pt-BR\"},{\"@type\":\"Organization\",\"@id\":\"https:\/\/ablab.com.br\/blog\/#organization\",\"name\":\"a\/b lab\",\"alternateName\":\"ab lab\",\"url\":\"https:\/\/ablab.com.br\/blog\/\",\"logo\":{\"@type\":\"ImageObject\",\"inLanguage\":\"pt-BR\",\"@id\":\"https:\/\/ablab.com.br\/blog\/#\/schema\/logo\/image\/\",\"url\":\"https:\/\/ablab.com.br\/blog\/wp-content\/uploads\/avatar1_zap.png\",\"contentUrl\":\"https:\/\/ablab.com.br\/blog\/wp-content\/uploads\/avatar1_zap.png\",\"width\":240,\"height\":240,\"caption\":\"a\/b lab\"},\"image\":{\"@id\":\"https:\/\/ablab.com.br\/blog\/#\/schema\/logo\/image\/\"}},{\"@type\":\"Person\",\"@id\":\"https:\/\/ablab.com.br\/blog\/#\/schema\/person\/e7bb7e37f9b5842fc9d7d6391232cce6\",\"name\":\"admin-ablab\",\"sameAs\":[\"https:\/\/www.ablab.com.br\/\"],\"url\":\"https:\/\/ablab.com.br\/blog\/author\/admin-ablab\/\"}]}<\/script>\n<!-- \/ Yoast SEO plugin. -->","yoast_head_json":{"title":"Passo a passo da cria\u00e7\u00e3o de v\u00eddeo institucional para empresa - a\/b lab","robots":{"index":"index","follow":"follow","max-snippet":"max-snippet:-1","max-image-preview":"max-image-preview:large","max-video-preview":"max-video-preview:-1"},"canonical":"https:\/\/ablab.com.br\/blog\/passo-a-passo-da-criacao-de-video-institucional-para-empresa\/","og_locale":"pt_BR","og_type":"article","og_title":"Passo a passo da cria\u00e7\u00e3o de v\u00eddeo institucional para empresa - a\/b lab","og_description":"Tudo o que voc\u00ea precisa saber para fazer um v\u00eddeo institucional para empresa. Por onde come\u00e7ar e todo o passo a passo do processo. V\u00eddeo institucional para empresa &#8211; Confira... continue lendo \u00bb","og_url":"https:\/\/ablab.com.br\/blog\/passo-a-passo-da-criacao-de-video-institucional-para-empresa\/","og_site_name":"a\/b lab","article_published_time":"2023-11-16T19:34:00+00:00","article_modified_time":"2024-06-06T16:51:43+00:00","og_image":[{"width":861,"height":160,"url":"https:\/\/ablab.com.br\/blog\/wp-content\/uploads\/ablab.png","type":"image\/png"}],"author":"admin-ablab","twitter_card":"summary_large_image","twitter_misc":{"Escrito por":"admin-ablab","Est. tempo de leitura":"5 minutos"},"schema":{"@context":"https:\/\/schema.org","@graph":[{"@type":"Article","@id":"https:\/\/ablab.com.br\/blog\/passo-a-passo-da-criacao-de-video-institucional-para-empresa\/#article","isPartOf":{"@id":"https:\/\/ablab.com.br\/blog\/passo-a-passo-da-criacao-de-video-institucional-para-empresa\/"},"author":{"name":"admin-ablab","@id":"https:\/\/ablab.com.br\/blog\/#\/schema\/person\/e7bb7e37f9b5842fc9d7d6391232cce6"},"headline":"Passo a passo da cria\u00e7\u00e3o de v\u00eddeo institucional para empresa","datePublished":"2023-11-16T19:34:00+00:00","dateModified":"2024-06-06T16:51:43+00:00","mainEntityOfPage":{"@id":"https:\/\/ablab.com.br\/blog\/passo-a-passo-da-criacao-de-video-institucional-para-empresa\/"},"wordCount":983,"publisher":{"@id":"https:\/\/ablab.com.br\/blog\/#organization"},"keywords":["Cria\u00e7\u00e3o"],"articleSection":["Cria\u00e7\u00e3o"],"inLanguage":"pt-BR"},{"@type":"WebPage","@id":"https:\/\/ablab.com.br\/blog\/passo-a-passo-da-criacao-de-video-institucional-para-empresa\/","url":"https:\/\/ablab.com.br\/blog\/passo-a-passo-da-criacao-de-video-institucional-para-empresa\/","name":"Passo a passo da cria\u00e7\u00e3o de v\u00eddeo institucional para empresa - a\/b lab","isPartOf":{"@id":"https:\/\/ablab.com.br\/blog\/#website"},"datePublished":"2023-11-16T19:34:00+00:00","dateModified":"2024-06-06T16:51:43+00:00","breadcrumb":{"@id":"https:\/\/ablab.com.br\/blog\/passo-a-passo-da-criacao-de-video-institucional-para-empresa\/#breadcrumb"},"inLanguage":"pt-BR","potentialAction":[{"@type":"ReadAction","target":["https:\/\/ablab.com.br\/blog\/passo-a-passo-da-criacao-de-video-institucional-para-empresa\/"]}]},{"@type":"BreadcrumbList","@id":"https:\/\/ablab.com.br\/blog\/passo-a-passo-da-criacao-de-video-institucional-para-empresa\/#breadcrumb","itemListElement":[{"@type":"ListItem","position":1,"name":"In\u00edcio","item":"https:\/\/ablab.com.br\/blog\/"},{"@type":"ListItem","position":2,"name":"Passo a passo da cria\u00e7\u00e3o de v\u00eddeo institucional para empresa"}]},{"@type":"WebSite","@id":"https:\/\/ablab.com.br\/blog\/#website","url":"https:\/\/ablab.com.br\/blog\/","name":"a\/b lab","description":"a\/b lab \u2022 business driven \u2022 tech based \u2022 creative believers","publisher":{"@id":"https:\/\/ablab.com.br\/blog\/#organization"},"potentialAction":[{"@type":"SearchAction","target":{"@type":"EntryPoint","urlTemplate":"https:\/\/ablab.com.br\/blog\/?s={search_term_string}"},"query-input":"required name=search_term_string"}],"inLanguage":"pt-BR"},{"@type":"Organization","@id":"https:\/\/ablab.com.br\/blog\/#organization","name":"a\/b lab","alternateName":"ab lab","url":"https:\/\/ablab.com.br\/blog\/","logo":{"@type":"ImageObject","inLanguage":"pt-BR","@id":"https:\/\/ablab.com.br\/blog\/#\/schema\/logo\/image\/","url":"https:\/\/ablab.com.br\/blog\/wp-content\/uploads\/avatar1_zap.png","contentUrl":"https:\/\/ablab.com.br\/blog\/wp-content\/uploads\/avatar1_zap.png","width":240,"height":240,"caption":"a\/b lab"},"image":{"@id":"https:\/\/ablab.com.br\/blog\/#\/schema\/logo\/image\/"}},{"@type":"Person","@id":"https:\/\/ablab.com.br\/blog\/#\/schema\/person\/e7bb7e37f9b5842fc9d7d6391232cce6","name":"admin-ablab","sameAs":["https:\/\/www.ablab.com.br\/"],"url":"https:\/\/ablab.com.br\/blog\/author\/admin-ablab\/"}]}},"_links":{"self":[{"href":"https:\/\/ablab.com.br\/blog\/wp-json\/wp\/v2\/posts\/163","targetHints":{"allow":["GET"]}}],"collection":[{"href":"https:\/\/ablab.com.br\/blog\/wp-json\/wp\/v2\/posts"}],"about":[{"href":"https:\/\/ablab.com.br\/blog\/wp-json\/wp\/v2\/types\/post"}],"author":[{"embeddable":true,"href":"https:\/\/ablab.com.br\/blog\/wp-json\/wp\/v2\/users\/1"}],"replies":[{"embeddable":true,"href":"https:\/\/ablab.com.br\/blog\/wp-json\/wp\/v2\/comments?post=163"}],"version-history":[{"count":1,"href":"https:\/\/ablab.com.br\/blog\/wp-json\/wp\/v2\/posts\/163\/revisions"}],"predecessor-version":[{"id":165,"href":"https:\/\/ablab.com.br\/blog\/wp-json\/wp\/v2\/posts\/163\/revisions\/165"}],"wp:attachment":[{"href":"https:\/\/ablab.com.br\/blog\/wp-json\/wp\/v2\/media?parent=163"}],"wp:term":[{"taxonomy":"category","embeddable":true,"href":"https:\/\/ablab.com.br\/blog\/wp-json\/wp\/v2\/categories?post=163"},{"taxonomy":"post_tag","embeddable":true,"href":"https:\/\/ablab.com.br\/blog\/wp-json\/wp\/v2\/tags?post=163"}],"curies":[{"name":"wp","href":"https:\/\/api.w.org\/{rel}","templated":true}]}}