{"id":160,"date":"2023-11-29T16:32:00","date_gmt":"2023-11-29T19:32:00","guid":{"rendered":"https:\/\/ablab.com.br\/blog\/?p=160"},"modified":"2024-06-17T16:30:08","modified_gmt":"2024-06-17T19:30:08","slug":"top-5-desafios-da-comunicacao-empresarial-como-resolver","status":"publish","type":"post","link":"https:\/\/ablab.com.br\/blog\/top-5-desafios-da-comunicacao-empresarial-como-resolver\/","title":{"rendered":"TOP 5 desafios da comunica\u00e7\u00e3o empresarial: como resolver?"},"content":{"rendered":"\n<p>Reuni\u00f5es longas e improdutivas, departamentos desconectados, tecnologia obsoleta e mais desafios da comunica\u00e7\u00e3o empresarial interna e como enfrent\u00e1-los.<\/p>\n\n\n\n<h1 class=\"wp-block-heading\">5 desafios da comunica\u00e7\u00e3o empresarial e como dribl\u00e1-los?<\/h1>\n\n\n\n<p>Existem muitos <strong>desafios da comunica\u00e7\u00e3o empresarial <\/strong>atual. Mesmo com tantas op\u00e7\u00f5es de canais e recursos, gerir tudo isso e garantir uma boa experi\u00eancia para o p\u00fablico interno e externo exige cuidado.&nbsp;<\/p>\n\n\n\n<p>Essa necessidade de aten\u00e7\u00e3o est\u00e1 relacionada, principalmente, \u00e0 complexidade do ambiente de neg\u00f3cios, \u00e0s mudan\u00e7as nas tecnologias e \u00e0s expectativas dos clientes e dos funcion\u00e1rios, em constante evolu\u00e7\u00e3o.<\/p>\n\n\n\n<p>Entretanto, selecionamos os 5 principais desafios da comunica\u00e7\u00e3o empresarial interna e propusemos alternativas para que voc\u00ea possa escapar deles e colher os benef\u00edcios de ter um ambiente de trabalho eficiente.&nbsp;<\/p>\n\n\n\n<h2 class=\"wp-block-heading\">TOP 5 desafios da comunica\u00e7\u00e3o empresarial<\/h2>\n\n\n\n<p><strong>Na lista dos principais desafios da comunica\u00e7\u00e3o empresarial para os pr\u00f3ximos anos est\u00e3o:<\/strong><\/p>\n\n\n\n<ol class=\"wp-block-list\">\n<li><strong>Reuni\u00f5es longas e improdutivas&nbsp;<\/strong><\/li>\n\n\n\n<li><strong>Departamentos desconectados<\/strong><\/li>\n\n\n\n<li><strong>Tecnologia obsoleta e ineficiente<\/strong><\/li>\n\n\n\n<li><strong>Globaliza\u00e7\u00e3o da equipe<\/strong><\/li>\n\n\n\n<li><strong>Compartilhamento eficiente (ou ineficiente) de feedback coletivo e individual<\/strong><\/li>\n<\/ol>\n\n\n\n<h3 class=\"wp-block-heading\">#1 Reuni\u00f5es improdutivas&nbsp;<\/h3>\n\n\n\n<p>Reuni\u00f5es improdutivas s\u00e3o aquelas que consomem tempo e recursos sem gerar resultados significativos.<\/p>\n\n\n\n<p>Elas, geralmente, s\u00e3o frustrantes para os participantes e prejudiciais para o desempenho geral da equipe e da empresa.&nbsp;<\/p>\n\n\n\n<p>Uma frase que resume bem o que \u00e9 uma reuni\u00e3o improdutiva \u00e9: \u201c<em>Mais uma reuni\u00e3o que poderia ter sido um e-mail\u201d.&nbsp;<\/em><\/p>\n\n\n\n<p>Se \u00e9 poss\u00edvel resolver uma demanda sem fazer uma reuni\u00e3o ou se voc\u00ea s\u00f3 precisa compartilhar um aviso, talvez n\u00e3o seja necess\u00e1rio agendar um encontro.<\/p>\n\n\n\n<p>Em muitos casos, o e-mail ou o canal de comunica\u00e7\u00e3o interna, como o <a href=\"https:\/\/slack.com\/intl\/pt-br\" target=\"_blank\" rel=\"noreferrer noopener\"><strong>Slack<\/strong><\/a> ou o e-mail, s\u00e3o solu\u00e7\u00f5es mais eficientes.<\/p>\n\n\n\n<p>Outra op\u00e7\u00e3o \u00e9 juntar diversos temas em um \u00fanico encontro, assim voc\u00ea<strong> otimiza o tempo <\/strong>dedicado \u00e0 reuni\u00e3o.<\/p>\n\n\n\n<p>Entretanto, tenha cuidado, porque a reuni\u00e3o \u00e9 parte importante do dia a dia dos departamentos. O problema est\u00e1 quando elas n\u00e3o s\u00e3o eficientes.<\/p>\n\n\n\n<p>As reuni\u00f5es s\u00e3o meios para os trabalhadores fornecerem sugest\u00f5es e compartilharem suas opini\u00f5es.<\/p>\n\n\n\n<p>Para evitar que elas se tornem improdutivas, algumas dicas s\u00e3o valiosas, por exemplo:<\/p>\n\n\n\n<ul class=\"wp-block-list\">\n<li>defina um objetivo para o encontro;<\/li>\n\n\n\n<li>analise quem realmente precisa participar de cada encontro;<\/li>\n\n\n\n<li>evite que a reuni\u00e3o dure muito tempo.<\/li>\n<\/ul>\n\n\n\n<p><strong>Leia tamb\u00e9m:<\/strong> <strong><a href=\"https:\/\/ablab.com.br\/blog\/2024\/06\/15\/planejamento-de-midia-digital-o-que-e-e-como-fazer-manual\/\" target=\"_blank\" rel=\"noreferrer noopener\">Planejamento de m\u00eddia digital: o que \u00e9 e como fazer? Manual<\/a><\/strong><\/p>\n\n\n\n<h3 class=\"wp-block-heading\">#2 Departamentos desconectados&nbsp;<\/h3>\n\n\n\n<p>\u00c9 dif\u00edcil para uma empresa operar de forma eficaz se os departamentos n\u00e3o estiverem colaborando ou se forem completamente desconectados.&nbsp;<\/p>\n\n\n\n<p>Os diferentes setores de cada neg\u00f3cio devem, pelo menos, estar conscientes das fun\u00e7\u00f5es e responsabilidades uns dos outros.&nbsp;<\/p>\n\n\n\n<p>Em outras palavras, um dos desafios da comunica\u00e7\u00e3o empresarial \u00e9 o contato interdepartamental.<\/p>\n\n\n\n<p>Por exemplo, se o setor financeiro n\u00e3o tiver certeza do que o <strong><a href=\"https:\/\/ablab.com.br\/blog\/2024\/05\/28\/inbound-marketing-e-marketing-de-conteudo-como-implementar\/\" target=\"_blank\" rel=\"noreferrer noopener\">marketing<\/a><\/strong> est\u00e1 fazendo, e o marketing n\u00e3o souber o que as opera\u00e7\u00f5es est\u00e3o planejando, e ningu\u00e9m entender o que est\u00e1 saindo da pesquisa e desenvolvimento, esse neg\u00f3cio provavelmente ter\u00e1 dificuldades.\u00a0<\/p>\n\n\n\n<p>Logo, <strong>integrar departamentos para melhorar a comunica\u00e7\u00e3o<\/strong> \u00e9 crucial para promover um ambiente organizacional eficiente.&nbsp;<\/p>\n\n\n\n<p>Uma comunica\u00e7\u00e3o fluida entre diferentes \u00e1reas pode resultar em benef\u00edcios como:<\/p>\n\n\n\n<ul class=\"wp-block-list\">\n<li>maior produtividade;<\/li>\n\n\n\n<li>colabora\u00e7\u00e3o;<\/li>\n\n\n\n<li><a href=\"https:\/\/teamguide.app\/blog\/perguntas-pesquisa-clima-organizacional\/\" target=\"_blank\" rel=\"noreferrer noopener\"><strong>clima organizacional<\/strong><\/a> positivo;<\/li>\n\n\n\n<li>satisfa\u00e7\u00e3o dos funcion\u00e1rios.&nbsp;<\/li>\n<\/ul>\n\n\n\n<h3 class=\"wp-block-heading\">#3 Tecnologia obsoleta e ineficiente<\/h3>\n\n\n\n<p>\u00c9 ineg\u00e1vel que vivemos em uma realidade na qual as <strong><a href=\"https:\/\/ablab.com.br\/blog\/2024\/06\/04\/6-estrategias-de-marketing-de-conteudo-para-o-funil-de-vendas\/\" target=\"_blank\" rel=\"noreferrer noopener\">ferramentas de comunica\u00e7\u00e3o digital<\/a><\/strong>, baseadas em tecnologia, s\u00e3o cada vez mais importantes para os neg\u00f3cios, n\u00e3o \u00e9 mesmo?\u00a0<\/p>\n\n\n\n<p>Os sistemas de tecnologia s\u00e3o essenciais para diversas etapas da constru\u00e7\u00e3o de uma comunica\u00e7\u00e3o empresarial eficiente, incluindo as pr\u00e1ticas de:<\/p>\n\n\n\n<ul class=\"wp-block-list\">\n<li>gerenciamento de projetos;<\/li>\n\n\n\n<li>bancos de dados de clientes;<\/li>\n\n\n\n<li>gerenciamento e atendimento de pedidos;<\/li>\n\n\n\n<li>armazenamento de arquivos;<\/li>\n\n\n\n<li>comunica\u00e7\u00e3o com clientes;<\/li>\n\n\n\n<li>troca de mensagens instant\u00e2neas e mais.<\/li>\n<\/ul>\n\n\n\n<p>Todavia, embora as empresas dependam da tecnologia para criar efici\u00eancia e ajudar a manter uma vantagem competitiva, se essa tecnologia estiver desatualizada, inadequada para a tarefa ou for utilizada de forma inadequada, a empresa tende a enfrentar um problema.<\/p>\n\n\n\n<p>Por exemplo, muitos recursos de comunica\u00e7\u00e3o podem causar falta de centraliza\u00e7\u00e3o e perda de informa\u00e7\u00f5es importantes.&nbsp;<\/p>\n\n\n\n<p>Afinal, quando existem diversos canais internos, pode ser que um colaborador acompanhe mais um do que outro. E isso tende a se tornar um problema.<\/p>\n\n\n\n<p>Para evit\u00e1-lo, crie um processo claro, que especifique quando e onde cada tipo de mensagem ser\u00e1 compartilhada.<\/p>\n\n\n\n<p><strong>Leia tamb\u00e9m: <a href=\"https:\/\/ablab.com.br\/blog\/2024\/05\/28\/qual-a-melhor-estrategia-linkedin-para-empresas\/\" target=\"_blank\" rel=\"noreferrer noopener\">Qual a melhor estrat\u00e9gia Linkedin para empresas?<\/a><\/strong><\/p>\n\n\n\n<h3 class=\"wp-block-heading\">#4 Globaliza\u00e7\u00e3o da equipe<\/h3>\n\n\n\n<p>Sem d\u00favida, a possibilidade de trabalho a dist\u00e2ncia impulsionou a globaliza\u00e7\u00e3o das equipes, tornando mais comum que profissionais que moram ou s\u00e3o naturais de outros pa\u00edses atuem na mesma \u00e1rea de funcion\u00e1rios que moram no Brasil.<\/p>\n\n\n\n<p>Essa troca pode ser incr\u00edvel para as empresas e para os colaboradores, contudo, \u00e9 um dos grandes desafios da comunica\u00e7\u00e3o empresarial.<\/p>\n\n\n\n<p>Afinal, \u00e9 necess\u00e1rio<strong> gerenciar fusos hor\u00e1rios diferentes<\/strong>, alinhar projetos a dist\u00e2ncia, al\u00e9m de comunicar efetivamente a cultura empresarial.<\/p>\n\n\n\n<p>Por isso, \u00e9 preciso estar atento a essa etapa quando come\u00e7ar a ter colaboradores espalhados pelo mundo.<\/p>\n\n\n\n<h3 class=\"wp-block-heading\">#5 Compartilhamento eficiente de feedback<\/h3>\n\n\n\n<p>O <strong>compartilhamento eficiente de <a href=\"https:\/\/teamguide.app\/blog\/o-que-e-feedback-construtivo\/\" target=\"_blank\" rel=\"noreferrer noopener\">feedback<\/a> <\/strong>\u00e9 uma pr\u00e1tica essencial para o desenvolvimento e aprimoramento cont\u00ednuo dos colaboradores na empresa.<\/p>\n\n\n\n<p>Envolve a<strong> comunica\u00e7\u00e3o de informa\u00e7\u00f5es construtivas<\/strong> de maneira clara e objetiva, focando no crescimento profissional.&nbsp;<\/p>\n\n\n\n<p>Um bom feedback tende a<strong> ampliar a produtividade dos colaboradores<\/strong> e, claro, da empresa.&nbsp;<\/p>\n\n\n\n<p>Entretanto, \u00e9 essencial que ele seja realizado periodicamente e n\u00e3o apenas quando a equipe, ou o funcion\u00e1rio, tiver uma queda de resultados, por exemplo.<\/p>\n\n\n\n<p>Todavia, sabemos que o dia a dia dos gestores \u00e9 corrido e esse tipo de atividade pode acabar ficando em segundo lugar, por isso, colocamos a demanda por feedback cont\u00ednuo na lista de principais desafios da comunica\u00e7\u00e3o empresarial.<\/p>\n\n\n\n<h2 class=\"wp-block-heading\">O que \u00e9 comunica\u00e7\u00e3o empresarial?<\/h2>\n\n\n\n<p><strong>Comunica\u00e7\u00e3o empresarial \u00e9 um conjunto de estrat\u00e9gias e processos utilizados por uma organiza\u00e7\u00e3o para gerenciar e facilitar a troca de informa\u00e7\u00f5es entre seus membros e diversos p\u00fablicos externos, desde clientes at\u00e9 prospects e leads. O foco \u00e9 garantir que as mensagens estejam alinhadas com os objetivos, valores e imagem da empresa.&nbsp;<\/strong><\/p>\n\n\n\n<p>\u00c9 ineg\u00e1vel que a comunica\u00e7\u00e3o empresarial \u00e9 essencial para o<strong> funcionamento eficiente <\/strong>de uma organiza\u00e7\u00e3o e desempenha um papel crucial na constru\u00e7\u00e3o e manuten\u00e7\u00e3o de relacionamentos com diferentes partes interessadas.<\/p>\n\n\n\n<p>Contudo, mesmo em um ambiente com tantas op\u00e7\u00f5es de canais e recursos, existem muitos desafios da comunica\u00e7\u00e3o empresarial, que precisam ser gerenciados por l\u00edderes dos neg\u00f3cios.&nbsp;<\/p>\n\n\n\n<p>Quando o assunto \u00e9 a comunica\u00e7\u00e3o com clientes, prospects e leads, voc\u00ea pode contar com o suporte da <a href=\"https:\/\/ablab.com.br\/\" target=\"_blank\" rel=\"noreferrer noopener\"><strong>a\/b lab<\/strong><\/a>, uma ag\u00eancia de marketing digital completa, que cuida de todas as etapas do seu plano de marketing ao acompanhamento de m\u00e9tricas, indicadores e resultados.&nbsp;<\/p>\n\n\n\n<p><a href=\"https:\/\/ablab.com.br\/\" target=\"_blank\" rel=\"noreferrer noopener\"><strong>Entre em contato com nosso time<\/strong><\/a>, agende uma conversa e entenda tudo o que podemos fazer para te ajudar a superar os desafios da comunica\u00e7\u00e3o empresarial.<\/p>\n","protected":false},"excerpt":{"rendered":"<p>Reuni\u00f5es longas e improdutivas, departamentos desconectados, tecnologia obsoleta e mais desafios da comunica\u00e7\u00e3o empresarial interna e como enfrent\u00e1-los. 5 desafios da comunica\u00e7\u00e3o empresarial e como dribl\u00e1-los? Existem muitos desafios da&#8230; <a class=\"more-link\" href=\"https:\/\/ablab.com.br\/blog\/top-5-desafios-da-comunicacao-empresarial-como-resolver\/\">continue lendo  \u00bb<\/a><\/p>\n","protected":false},"author":1,"featured_media":0,"comment_status":"closed","ping_status":"closed","sticky":false,"template":"","format":"standard","meta":{"_sb_is_suggestion_mode":false,"_sb_show_suggestion_boards":false,"_sb_show_comment_boards":false,"_sb_suggestion_history":"","_sb_update_block_changes":"","footnotes":""},"categories":[23],"tags":[40],"class_list":["post-160","post","type-post","status-publish","format-standard","hentry","category-projetos","tag-projetos"],"yoast_head":"<!-- This site is optimized with the Yoast SEO plugin v22.8 - https:\/\/yoast.com\/wordpress\/plugins\/seo\/ -->\n<title>TOP 5 desafios da comunica\u00e7\u00e3o empresarial: como resolver? - a\/b lab<\/title>\n<meta name=\"robots\" content=\"index, follow, max-snippet:-1, max-image-preview:large, max-video-preview:-1\" \/>\n<link rel=\"canonical\" href=\"https:\/\/ablab.com.br\/blog\/top-5-desafios-da-comunicacao-empresarial-como-resolver\/\" \/>\n<meta property=\"og:locale\" content=\"pt_BR\" \/>\n<meta property=\"og:type\" content=\"article\" \/>\n<meta property=\"og:title\" content=\"TOP 5 desafios da comunica\u00e7\u00e3o empresarial: como resolver? - a\/b lab\" \/>\n<meta property=\"og:description\" content=\"Reuni\u00f5es longas e improdutivas, departamentos desconectados, tecnologia obsoleta e mais desafios da comunica\u00e7\u00e3o empresarial interna e como enfrent\u00e1-los. 5 desafios da comunica\u00e7\u00e3o empresarial e como dribl\u00e1-los? Existem muitos desafios da... continue lendo \u00bb\" \/>\n<meta property=\"og:url\" content=\"https:\/\/ablab.com.br\/blog\/top-5-desafios-da-comunicacao-empresarial-como-resolver\/\" \/>\n<meta property=\"og:site_name\" content=\"a\/b lab\" \/>\n<meta property=\"article:published_time\" content=\"2023-11-29T19:32:00+00:00\" \/>\n<meta property=\"article:modified_time\" content=\"2024-06-17T19:30:08+00:00\" \/>\n<meta property=\"og:image\" content=\"https:\/\/ablab.com.br\/blog\/wp-content\/uploads\/ablab.png\" \/>\n\t<meta property=\"og:image:width\" content=\"861\" \/>\n\t<meta property=\"og:image:height\" content=\"160\" \/>\n\t<meta property=\"og:image:type\" content=\"image\/png\" \/>\n<meta name=\"author\" content=\"admin-ablab\" \/>\n<meta name=\"twitter:card\" content=\"summary_large_image\" \/>\n<meta name=\"twitter:label1\" content=\"Escrito por\" \/>\n\t<meta name=\"twitter:data1\" content=\"admin-ablab\" \/>\n\t<meta name=\"twitter:label2\" content=\"Est. tempo de leitura\" \/>\n\t<meta name=\"twitter:data2\" content=\"6 minutos\" \/>\n<script type=\"application\/ld+json\" class=\"yoast-schema-graph\">{\"@context\":\"https:\/\/schema.org\",\"@graph\":[{\"@type\":\"Article\",\"@id\":\"https:\/\/ablab.com.br\/blog\/top-5-desafios-da-comunicacao-empresarial-como-resolver\/#article\",\"isPartOf\":{\"@id\":\"https:\/\/ablab.com.br\/blog\/top-5-desafios-da-comunicacao-empresarial-como-resolver\/\"},\"author\":{\"name\":\"admin-ablab\",\"@id\":\"https:\/\/ablab.com.br\/blog\/#\/schema\/person\/e7bb7e37f9b5842fc9d7d6391232cce6\"},\"headline\":\"TOP 5 desafios da comunica\u00e7\u00e3o empresarial: como resolver?\",\"datePublished\":\"2023-11-29T19:32:00+00:00\",\"dateModified\":\"2024-06-17T19:30:08+00:00\",\"mainEntityOfPage\":{\"@id\":\"https:\/\/ablab.com.br\/blog\/top-5-desafios-da-comunicacao-empresarial-como-resolver\/\"},\"wordCount\":1183,\"publisher\":{\"@id\":\"https:\/\/ablab.com.br\/blog\/#organization\"},\"keywords\":[\"Projetos\"],\"articleSection\":[\"Projetos\"],\"inLanguage\":\"pt-BR\"},{\"@type\":\"WebPage\",\"@id\":\"https:\/\/ablab.com.br\/blog\/top-5-desafios-da-comunicacao-empresarial-como-resolver\/\",\"url\":\"https:\/\/ablab.com.br\/blog\/top-5-desafios-da-comunicacao-empresarial-como-resolver\/\",\"name\":\"TOP 5 desafios da comunica\u00e7\u00e3o empresarial: como resolver? - a\/b lab\",\"isPartOf\":{\"@id\":\"https:\/\/ablab.com.br\/blog\/#website\"},\"datePublished\":\"2023-11-29T19:32:00+00:00\",\"dateModified\":\"2024-06-17T19:30:08+00:00\",\"breadcrumb\":{\"@id\":\"https:\/\/ablab.com.br\/blog\/top-5-desafios-da-comunicacao-empresarial-como-resolver\/#breadcrumb\"},\"inLanguage\":\"pt-BR\",\"potentialAction\":[{\"@type\":\"ReadAction\",\"target\":[\"https:\/\/ablab.com.br\/blog\/top-5-desafios-da-comunicacao-empresarial-como-resolver\/\"]}]},{\"@type\":\"BreadcrumbList\",\"@id\":\"https:\/\/ablab.com.br\/blog\/top-5-desafios-da-comunicacao-empresarial-como-resolver\/#breadcrumb\",\"itemListElement\":[{\"@type\":\"ListItem\",\"position\":1,\"name\":\"In\u00edcio\",\"item\":\"https:\/\/ablab.com.br\/blog\/\"},{\"@type\":\"ListItem\",\"position\":2,\"name\":\"TOP 5 desafios da comunica\u00e7\u00e3o empresarial: como resolver?\"}]},{\"@type\":\"WebSite\",\"@id\":\"https:\/\/ablab.com.br\/blog\/#website\",\"url\":\"https:\/\/ablab.com.br\/blog\/\",\"name\":\"a\/b lab\",\"description\":\"a\/b lab \u2022 business driven \u2022 tech based \u2022 creative believers\",\"publisher\":{\"@id\":\"https:\/\/ablab.com.br\/blog\/#organization\"},\"potentialAction\":[{\"@type\":\"SearchAction\",\"target\":{\"@type\":\"EntryPoint\",\"urlTemplate\":\"https:\/\/ablab.com.br\/blog\/?s={search_term_string}\"},\"query-input\":\"required name=search_term_string\"}],\"inLanguage\":\"pt-BR\"},{\"@type\":\"Organization\",\"@id\":\"https:\/\/ablab.com.br\/blog\/#organization\",\"name\":\"a\/b lab\",\"alternateName\":\"ab lab\",\"url\":\"https:\/\/ablab.com.br\/blog\/\",\"logo\":{\"@type\":\"ImageObject\",\"inLanguage\":\"pt-BR\",\"@id\":\"https:\/\/ablab.com.br\/blog\/#\/schema\/logo\/image\/\",\"url\":\"https:\/\/ablab.com.br\/blog\/wp-content\/uploads\/avatar1_zap.png\",\"contentUrl\":\"https:\/\/ablab.com.br\/blog\/wp-content\/uploads\/avatar1_zap.png\",\"width\":240,\"height\":240,\"caption\":\"a\/b lab\"},\"image\":{\"@id\":\"https:\/\/ablab.com.br\/blog\/#\/schema\/logo\/image\/\"}},{\"@type\":\"Person\",\"@id\":\"https:\/\/ablab.com.br\/blog\/#\/schema\/person\/e7bb7e37f9b5842fc9d7d6391232cce6\",\"name\":\"admin-ablab\",\"sameAs\":[\"https:\/\/www.ablab.com.br\/\"],\"url\":\"https:\/\/ablab.com.br\/blog\/author\/admin-ablab\/\"}]}<\/script>\n<!-- \/ Yoast SEO plugin. -->","yoast_head_json":{"title":"TOP 5 desafios da comunica\u00e7\u00e3o empresarial: como resolver? - a\/b lab","robots":{"index":"index","follow":"follow","max-snippet":"max-snippet:-1","max-image-preview":"max-image-preview:large","max-video-preview":"max-video-preview:-1"},"canonical":"https:\/\/ablab.com.br\/blog\/top-5-desafios-da-comunicacao-empresarial-como-resolver\/","og_locale":"pt_BR","og_type":"article","og_title":"TOP 5 desafios da comunica\u00e7\u00e3o empresarial: como resolver? - a\/b lab","og_description":"Reuni\u00f5es longas e improdutivas, departamentos desconectados, tecnologia obsoleta e mais desafios da comunica\u00e7\u00e3o empresarial interna e como enfrent\u00e1-los. 5 desafios da comunica\u00e7\u00e3o empresarial e como dribl\u00e1-los? Existem muitos desafios da... continue lendo \u00bb","og_url":"https:\/\/ablab.com.br\/blog\/top-5-desafios-da-comunicacao-empresarial-como-resolver\/","og_site_name":"a\/b lab","article_published_time":"2023-11-29T19:32:00+00:00","article_modified_time":"2024-06-17T19:30:08+00:00","og_image":[{"width":861,"height":160,"url":"https:\/\/ablab.com.br\/blog\/wp-content\/uploads\/ablab.png","type":"image\/png"}],"author":"admin-ablab","twitter_card":"summary_large_image","twitter_misc":{"Escrito por":"admin-ablab","Est. tempo de leitura":"6 minutos"},"schema":{"@context":"https:\/\/schema.org","@graph":[{"@type":"Article","@id":"https:\/\/ablab.com.br\/blog\/top-5-desafios-da-comunicacao-empresarial-como-resolver\/#article","isPartOf":{"@id":"https:\/\/ablab.com.br\/blog\/top-5-desafios-da-comunicacao-empresarial-como-resolver\/"},"author":{"name":"admin-ablab","@id":"https:\/\/ablab.com.br\/blog\/#\/schema\/person\/e7bb7e37f9b5842fc9d7d6391232cce6"},"headline":"TOP 5 desafios da comunica\u00e7\u00e3o empresarial: como resolver?","datePublished":"2023-11-29T19:32:00+00:00","dateModified":"2024-06-17T19:30:08+00:00","mainEntityOfPage":{"@id":"https:\/\/ablab.com.br\/blog\/top-5-desafios-da-comunicacao-empresarial-como-resolver\/"},"wordCount":1183,"publisher":{"@id":"https:\/\/ablab.com.br\/blog\/#organization"},"keywords":["Projetos"],"articleSection":["Projetos"],"inLanguage":"pt-BR"},{"@type":"WebPage","@id":"https:\/\/ablab.com.br\/blog\/top-5-desafios-da-comunicacao-empresarial-como-resolver\/","url":"https:\/\/ablab.com.br\/blog\/top-5-desafios-da-comunicacao-empresarial-como-resolver\/","name":"TOP 5 desafios da comunica\u00e7\u00e3o empresarial: como resolver? - a\/b lab","isPartOf":{"@id":"https:\/\/ablab.com.br\/blog\/#website"},"datePublished":"2023-11-29T19:32:00+00:00","dateModified":"2024-06-17T19:30:08+00:00","breadcrumb":{"@id":"https:\/\/ablab.com.br\/blog\/top-5-desafios-da-comunicacao-empresarial-como-resolver\/#breadcrumb"},"inLanguage":"pt-BR","potentialAction":[{"@type":"ReadAction","target":["https:\/\/ablab.com.br\/blog\/top-5-desafios-da-comunicacao-empresarial-como-resolver\/"]}]},{"@type":"BreadcrumbList","@id":"https:\/\/ablab.com.br\/blog\/top-5-desafios-da-comunicacao-empresarial-como-resolver\/#breadcrumb","itemListElement":[{"@type":"ListItem","position":1,"name":"In\u00edcio","item":"https:\/\/ablab.com.br\/blog\/"},{"@type":"ListItem","position":2,"name":"TOP 5 desafios da comunica\u00e7\u00e3o empresarial: como resolver?"}]},{"@type":"WebSite","@id":"https:\/\/ablab.com.br\/blog\/#website","url":"https:\/\/ablab.com.br\/blog\/","name":"a\/b lab","description":"a\/b lab \u2022 business driven \u2022 tech based \u2022 creative believers","publisher":{"@id":"https:\/\/ablab.com.br\/blog\/#organization"},"potentialAction":[{"@type":"SearchAction","target":{"@type":"EntryPoint","urlTemplate":"https:\/\/ablab.com.br\/blog\/?s={search_term_string}"},"query-input":"required name=search_term_string"}],"inLanguage":"pt-BR"},{"@type":"Organization","@id":"https:\/\/ablab.com.br\/blog\/#organization","name":"a\/b lab","alternateName":"ab lab","url":"https:\/\/ablab.com.br\/blog\/","logo":{"@type":"ImageObject","inLanguage":"pt-BR","@id":"https:\/\/ablab.com.br\/blog\/#\/schema\/logo\/image\/","url":"https:\/\/ablab.com.br\/blog\/wp-content\/uploads\/avatar1_zap.png","contentUrl":"https:\/\/ablab.com.br\/blog\/wp-content\/uploads\/avatar1_zap.png","width":240,"height":240,"caption":"a\/b lab"},"image":{"@id":"https:\/\/ablab.com.br\/blog\/#\/schema\/logo\/image\/"}},{"@type":"Person","@id":"https:\/\/ablab.com.br\/blog\/#\/schema\/person\/e7bb7e37f9b5842fc9d7d6391232cce6","name":"admin-ablab","sameAs":["https:\/\/www.ablab.com.br\/"],"url":"https:\/\/ablab.com.br\/blog\/author\/admin-ablab\/"}]}},"_links":{"self":[{"href":"https:\/\/ablab.com.br\/blog\/wp-json\/wp\/v2\/posts\/160","targetHints":{"allow":["GET"]}}],"collection":[{"href":"https:\/\/ablab.com.br\/blog\/wp-json\/wp\/v2\/posts"}],"about":[{"href":"https:\/\/ablab.com.br\/blog\/wp-json\/wp\/v2\/types\/post"}],"author":[{"embeddable":true,"href":"https:\/\/ablab.com.br\/blog\/wp-json\/wp\/v2\/users\/1"}],"replies":[{"embeddable":true,"href":"https:\/\/ablab.com.br\/blog\/wp-json\/wp\/v2\/comments?post=160"}],"version-history":[{"count":2,"href":"https:\/\/ablab.com.br\/blog\/wp-json\/wp\/v2\/posts\/160\/revisions"}],"predecessor-version":[{"id":534,"href":"https:\/\/ablab.com.br\/blog\/wp-json\/wp\/v2\/posts\/160\/revisions\/534"}],"wp:attachment":[{"href":"https:\/\/ablab.com.br\/blog\/wp-json\/wp\/v2\/media?parent=160"}],"wp:term":[{"taxonomy":"category","embeddable":true,"href":"https:\/\/ablab.com.br\/blog\/wp-json\/wp\/v2\/categories?post=160"},{"taxonomy":"post_tag","embeddable":true,"href":"https:\/\/ablab.com.br\/blog\/wp-json\/wp\/v2\/tags?post=160"}],"curies":[{"name":"wp","href":"https:\/\/api.w.org\/{rel}","templated":true}]}}